{"id":10585,"date":"2023-05-25T13:50:55","date_gmt":"2023-05-25T11:50:55","guid":{"rendered":"https:\/\/www2.unifr.ch\/dit\/faq\/?p=10585"},"modified":"2023-06-06T15:34:00","modified_gmt":"2023-06-06T13:34:00","slug":"e-laptop-windows-mise-en-hibernation-par-fermeture-du-capot","status":"publish","type":"post","link":"https:\/\/www2.unifr.ch\/dit\/faq\/article\/e-laptop-windows-mise-en-hibernation-par-fermeture-du-capot\/","title":{"rendered":"[E] : Laptop Windows, mise en hibernation par fermeture du capot"},"content":{"rendered":"<p>Bien qu&#8217;il soit conseill\u00e9 de sauvegarder les travaux en cours, de quitter les programmes, puis d&#8217;\u00e9teindre le laptop avant de se d\u00e9placer,<\/p>\n<p>il est &#8220;techniquement&#8221; aussi possible de fermer le capot du laptop !<\/p>\n<p>Si vous voulez que le laptop se mette en mode &#8220;hibernation&#8221; lors de la fermeture du capot, il faut le configurer dans les &#8220;Param\u00e8tres&#8221; de Windows.<\/p>\n<p id=\"VWeoQGx\"><img decoding=\"async\" loading=\"lazy\" width=\"157\" height=\"47\" class=\"alignnone size-full wp-image-10586 \" src=\"https:\/\/www2.unifr.ch\/dit\/faq\/wp-content\/uploads\/2023\/05\/img_646f448b1f982.png\" alt=\"\" srcset=\"https:\/\/www2.unifr.ch\/dit\/faq\/wp-content\/uploads\/2023\/05\/img_646f448b1f982.png 157w, https:\/\/www2.unifr.ch\/dit\/faq\/wp-content\/uploads\/2023\/05\/img_646f448b1f982-60x18.png 60w, https:\/\/www2.unifr.ch\/dit\/faq\/wp-content\/uploads\/2023\/05\/img_646f448b1f982-150x45.png 150w\" sizes=\"(max-width: 157px) 100vw, 157px\" \/><\/p>\n<p>S\u00e9lectionner &#8220;Syst\u00e8me&#8221;<\/p>\n<p id=\"MsgIbSY\"><img decoding=\"async\" loading=\"lazy\" width=\"216\" height=\"72\" class=\"alignnone size-full wp-image-10588 \" src=\"https:\/\/www2.unifr.ch\/dit\/faq\/wp-content\/uploads\/2023\/05\/img_646f44b2e8346.png\" alt=\"\" srcset=\"https:\/\/www2.unifr.ch\/dit\/faq\/wp-content\/uploads\/2023\/05\/img_646f44b2e8346.png 216w, https:\/\/www2.unifr.ch\/dit\/faq\/wp-content\/uploads\/2023\/05\/img_646f44b2e8346-60x20.png 60w, https:\/\/www2.unifr.ch\/dit\/faq\/wp-content\/uploads\/2023\/05\/img_646f44b2e8346-150x50.png 150w\" sizes=\"(max-width: 216px) 100vw, 216px\" \/><\/p>\n<p>S\u00e9lectionner &#8220;Alimentation et mise en veille&#8221;<\/p>\n<p id=\"WckeUwg\"><img decoding=\"async\" loading=\"lazy\" width=\"241\" height=\"45\" class=\"alignnone size-full wp-image-10590 \" src=\"https:\/\/www2.unifr.ch\/dit\/faq\/wp-content\/uploads\/2023\/05\/img_646f44dba0998.png\" alt=\"\" srcset=\"https:\/\/www2.unifr.ch\/dit\/faq\/wp-content\/uploads\/2023\/05\/img_646f44dba0998.png 241w, https:\/\/www2.unifr.ch\/dit\/faq\/wp-content\/uploads\/2023\/05\/img_646f44dba0998-60x11.png 60w, https:\/\/www2.unifr.ch\/dit\/faq\/wp-content\/uploads\/2023\/05\/img_646f44dba0998-150x28.png 150w\" sizes=\"(max-width: 241px) 100vw, 241px\" \/><\/p>\n<p>Clic sur &#8220;Param\u00e8tres d&#8217;alimentation suppl\u00e9mentaires&#8221;<\/p>\n<p id=\"oeOWXRT\"><img decoding=\"async\" loading=\"lazy\" width=\"290\" height=\"62\" class=\"alignnone size-full wp-image-10592 \" src=\"https:\/\/www2.unifr.ch\/dit\/faq\/wp-content\/uploads\/2023\/05\/img_646f4522521b0.png\" alt=\"\" srcset=\"https:\/\/www2.unifr.ch\/dit\/faq\/wp-content\/uploads\/2023\/05\/img_646f4522521b0.png 290w, https:\/\/www2.unifr.ch\/dit\/faq\/wp-content\/uploads\/2023\/05\/img_646f4522521b0-60x13.png 60w, https:\/\/www2.unifr.ch\/dit\/faq\/wp-content\/uploads\/2023\/05\/img_646f4522521b0-150x32.png 150w\" sizes=\"(max-width: 290px) 100vw, 290px\" \/><\/p>\n<p>Clic sur &#8220;Choisir l&#8217;action du bouton d&#8217;alimentation&#8221;<\/p>\n<p id=\"UBebDjc\"><img decoding=\"async\" loading=\"lazy\" width=\"153\" height=\"45\" class=\"alignnone size-full wp-image-10594 \" src=\"https:\/\/www2.unifr.ch\/dit\/faq\/wp-content\/uploads\/2023\/05\/img_646f455acf9b8.png\" alt=\"\" srcset=\"https:\/\/www2.unifr.ch\/dit\/faq\/wp-content\/uploads\/2023\/05\/img_646f455acf9b8.png 153w, https:\/\/www2.unifr.ch\/dit\/faq\/wp-content\/uploads\/2023\/05\/img_646f455acf9b8-150x44.png 150w, https:\/\/www2.unifr.ch\/dit\/faq\/wp-content\/uploads\/2023\/05\/img_646f455acf9b8-60x18.png 60w\" sizes=\"(max-width: 153px) 100vw, 153px\" \/><\/p>\n<p>Sous la rubrique &#8220;Lorsque je referme le capot&#8221;, s\u00e9lectionner &#8220;Mise en veille prolong\u00e9e&#8221; pour les \u00e9tats &#8220;Sur la batterie&#8221; et &#8220;Sur secteur&#8221;<\/p>\n<p id=\"JkBZADN\"><img decoding=\"async\" loading=\"lazy\" width=\"594\" height=\"203\" class=\"alignnone size-full wp-image-10597 \" src=\"https:\/\/www2.unifr.ch\/dit\/faq\/wp-content\/uploads\/2023\/05\/img_646f4aa74d580.png\" alt=\"\" srcset=\"https:\/\/www2.unifr.ch\/dit\/faq\/wp-content\/uploads\/2023\/05\/img_646f4aa74d580.png 594w, https:\/\/www2.unifr.ch\/dit\/faq\/wp-content\/uploads\/2023\/05\/img_646f4aa74d580-300x103.png 300w, https:\/\/www2.unifr.ch\/dit\/faq\/wp-content\/uploads\/2023\/05\/img_646f4aa74d580-60x21.png 60w, https:\/\/www2.unifr.ch\/dit\/faq\/wp-content\/uploads\/2023\/05\/img_646f4aa74d580-150x51.png 150w\" sizes=\"(max-width: 594px) 100vw, 594px\" \/><\/p>\n<p>Clic sur &#8220;Enregistrer les modifications&#8221;<\/p>\n<p id=\"lSoTIZW\"><img decoding=\"async\" loading=\"lazy\" width=\"194\" height=\"35\" class=\"alignnone size-full wp-image-10599 \" src=\"https:\/\/www2.unifr.ch\/dit\/faq\/wp-content\/uploads\/2023\/05\/img_646f4ac4a440c.png\" alt=\"\" srcset=\"https:\/\/www2.unifr.ch\/dit\/faq\/wp-content\/uploads\/2023\/05\/img_646f4ac4a440c.png 194w, https:\/\/www2.unifr.ch\/dit\/faq\/wp-content\/uploads\/2023\/05\/img_646f4ac4a440c-60x11.png 60w, https:\/\/www2.unifr.ch\/dit\/faq\/wp-content\/uploads\/2023\/05\/img_646f4ac4a440c-150x27.png 150w\" sizes=\"(max-width: 194px) 100vw, 194px\" \/><\/p>\n<p>&nbsp;<\/p>\n<p>Attention, malgr\u00e9 la mise en veille prolong\u00e9e, Windows peut effectuer certaines fonctions comme l&#8217;installation de mises \u00e0 jour \u00e0 jour en arri\u00e8re-plan, ce qui aura une incidence sur la d\u00e9charge de la batterie du laptop.<\/p>\n<p>&nbsp;<\/p>\n<p>[Source : DIT-RA &amp; DIT-SD]<\/p>\n","protected":false},"excerpt":{"rendered":"<p>Bien qu&#8217;il soit conseill\u00e9 de sauvegarder les travaux en cours, de quitter les programmes, puis d&#8217;\u00e9teindre le laptop avant de se d\u00e9placer, il est &#8220;techniquement&#8221; aussi possible de fermer le capot du laptop ! Si vous voulez que le laptop se mette en mode &#8220;hibernation&#8221; lors de la fermeture du capot, il faut le configurer [&hellip;]<\/p>\n","protected":false},"author":5,"featured_media":0,"comment_status":"closed","ping_status":"closed","sticky":false,"template":"","format":"standard","meta":{"footnotes":""},"categories":[387,535],"tags":[936,935,932,934,933],"_links":{"self":[{"href":"https:\/\/www2.unifr.ch\/dit\/faq\/wp-json\/wp\/v2\/posts\/10585"}],"collection":[{"href":"https:\/\/www2.unifr.ch\/dit\/faq\/wp-json\/wp\/v2\/posts"}],"about":[{"href":"https:\/\/www2.unifr.ch\/dit\/faq\/wp-json\/wp\/v2\/types\/post"}],"author":[{"embeddable":true,"href":"https:\/\/www2.unifr.ch\/dit\/faq\/wp-json\/wp\/v2\/users\/5"}],"replies":[{"embeddable":true,"href":"https:\/\/www2.unifr.ch\/dit\/faq\/wp-json\/wp\/v2\/comments?post=10585"}],"version-history":[{"count":3,"href":"https:\/\/www2.unifr.ch\/dit\/faq\/wp-json\/wp\/v2\/posts\/10585\/revisions"}],"predecessor-version":[{"id":10624,"href":"https:\/\/www2.unifr.ch\/dit\/faq\/wp-json\/wp\/v2\/posts\/10585\/revisions\/10624"}],"wp:attachment":[{"href":"https:\/\/www2.unifr.ch\/dit\/faq\/wp-json\/wp\/v2\/media?parent=10585"}],"wp:term":[{"taxonomy":"category","embeddable":true,"href":"https:\/\/www2.unifr.ch\/dit\/faq\/wp-json\/wp\/v2\/categories?post=10585"},{"taxonomy":"post_tag","embeddable":true,"href":"https:\/\/www2.unifr.ch\/dit\/faq\/wp-json\/wp\/v2\/tags?post=10585"}],"curies":[{"name":"wp","href":"https:\/\/api.w.org\/{rel}","templated":true}]}}