{"id":5891,"date":"2019-03-21T13:42:03","date_gmt":"2019-03-21T12:42:03","guid":{"rendered":"https:\/\/www2.unifr.ch\/dit\/faq\/article\/employe-e-s-partager-un-calendrier-outlook-sous-macintosh\/"},"modified":"2021-06-23T09:54:55","modified_gmt":"2021-06-23T07:54:55","slug":"employe-e-s-partager-un-calendrier-outlook-sous-macintosh","status":"publish","type":"post","link":"https:\/\/www2.unifr.ch\/dit\/faq\/article\/employe-e-s-partager-un-calendrier-outlook-sous-macintosh\/?lang=de","title":{"rendered":"[E] Teilen Sie Ihren Kalender in Outlook f\u00fcr Mac"},"content":{"rendered":"<p>W\u00e4hlen Sie im unteren Teil des Navigationsbereichs das Kalendersymbol<\/p>\n<p id=\"KdxSMkj\"><img decoding=\"async\" loading=\"lazy\" width=\"279\" height=\"39\" class=\"alignnone size-full wp-image-5875 \" src=\"https:\/\/www2.unifr.ch\/dit\/faq\/wp-content\/uploads\/2019\/03\/img_5c9383663d5fa.png\" alt=\"\" srcset=\"https:\/\/www2.unifr.ch\/dit\/faq\/wp-content\/uploads\/2019\/03\/img_5c9383663d5fa.png 279w, https:\/\/www2.unifr.ch\/dit\/faq\/wp-content\/uploads\/2019\/03\/img_5c9383663d5fa-60x8.png 60w, https:\/\/www2.unifr.ch\/dit\/faq\/wp-content\/uploads\/2019\/03\/img_5c9383663d5fa-150x21.png 150w\" sizes=\"(max-width: 279px) 100vw, 279px\" \/><\/p>\n<p>&nbsp;<\/p>\n<p>W\u00e4hlen Sie den Kalender aus, den Sie freigeben m\u00f6chten. Klicken Sie auf der Registerkarte &#8220;<strong>Organisieren<\/strong>&#8221; auf &#8220;<strong>Kalenderberechtigungen<\/strong>&#8221;<\/p>\n<p id=\"hhIRIdJ\"><img decoding=\"async\" loading=\"lazy\" width=\"310\" height=\"95\" class=\"alignnone size-full wp-image-5893 \" src=\"https:\/\/www2.unifr.ch\/dit\/faq\/wp-content\/uploads\/2019\/03\/img_5c93875adcff8.png\" alt=\"\" srcset=\"https:\/\/www2.unifr.ch\/dit\/faq\/wp-content\/uploads\/2019\/03\/img_5c93875adcff8.png 310w, https:\/\/www2.unifr.ch\/dit\/faq\/wp-content\/uploads\/2019\/03\/img_5c93875adcff8-300x92.png 300w, https:\/\/www2.unifr.ch\/dit\/faq\/wp-content\/uploads\/2019\/03\/img_5c93875adcff8-60x18.png 60w, https:\/\/www2.unifr.ch\/dit\/faq\/wp-content\/uploads\/2019\/03\/img_5c93875adcff8-150x46.png 150w\" sizes=\"(max-width: 310px) 100vw, 310px\" \/><\/p>\n<p>&nbsp;<\/p>\n<p>Klicken Sie im Bereich &#8220;Kalendereigenschaften&#8221; auf &#8220;<strong>Benutzer hinzuf\u00fcgen<\/strong>&#8221;<\/p>\n<p id=\"OjkcngV\"><img decoding=\"async\" loading=\"lazy\" width=\"236\" height=\"265\" class=\"alignnone size-full wp-image-5896 \" src=\"https:\/\/www2.unifr.ch\/dit\/faq\/wp-content\/uploads\/2019\/03\/img_5c93879e8a972.png\" alt=\"\" srcset=\"https:\/\/www2.unifr.ch\/dit\/faq\/wp-content\/uploads\/2019\/03\/img_5c93879e8a972.png 236w, https:\/\/www2.unifr.ch\/dit\/faq\/wp-content\/uploads\/2019\/03\/img_5c93879e8a972-53x60.png 53w, https:\/\/www2.unifr.ch\/dit\/faq\/wp-content\/uploads\/2019\/03\/img_5c93879e8a972-134x150.png 134w\" sizes=\"(max-width: 236px) 100vw, 236px\" \/><\/p>\n<p id=\"JPfgscm\">\n<p>&nbsp;<\/p>\n<p>Geben Sie im Feld &#8220;Suche&#8221; den Namen der Person ein, f\u00fcr die Sie Ihren Kalender freigeben m\u00f6chten. Wenn der Name in der Liste angezeigt wird, w\u00e4hlen Sie ihn aus und w\u00e4hlen Sie dann &#8220;<strong>Hinzuf\u00fcgen<\/strong>&#8221;<\/p>\n<p id=\"HbUnjpp\"><img decoding=\"async\" loading=\"lazy\" width=\"296\" height=\"265\" class=\"alignnone size-full wp-image-5898 \" src=\"https:\/\/www2.unifr.ch\/dit\/faq\/wp-content\/uploads\/2019\/03\/img_5c9387dd25378.png\" alt=\"\" srcset=\"https:\/\/www2.unifr.ch\/dit\/faq\/wp-content\/uploads\/2019\/03\/img_5c9387dd25378.png 296w, https:\/\/www2.unifr.ch\/dit\/faq\/wp-content\/uploads\/2019\/03\/img_5c9387dd25378-60x54.png 60w, https:\/\/www2.unifr.ch\/dit\/faq\/wp-content\/uploads\/2019\/03\/img_5c9387dd25378-150x134.png 150w\" sizes=\"(max-width: 296px) 100vw, 296px\" \/><\/p>\n<p id=\"fhTCSnv\">\n<p>&nbsp;<\/p>\n<p>W\u00e4hlen Sie im Bereich &#8220;Kalendereigenschaften&#8221; die &#8220;<strong>Berechtigungsstufe<\/strong>&#8220;. Klick auf &#8220;<strong>OK<\/strong>&#8221; um sie zu best\u00e4tigen<\/p>\n<p id=\"bFkqGTs\"><img decoding=\"async\" loading=\"lazy\" width=\"335\" height=\"215\" class=\"alignnone size-full wp-image-5900 \" src=\"https:\/\/www2.unifr.ch\/dit\/faq\/wp-content\/uploads\/2019\/03\/img_5c93882eef9b2.png\" alt=\"\" srcset=\"https:\/\/www2.unifr.ch\/dit\/faq\/wp-content\/uploads\/2019\/03\/img_5c93882eef9b2.png 335w, https:\/\/www2.unifr.ch\/dit\/faq\/wp-content\/uploads\/2019\/03\/img_5c93882eef9b2-300x193.png 300w, https:\/\/www2.unifr.ch\/dit\/faq\/wp-content\/uploads\/2019\/03\/img_5c93882eef9b2-60x39.png 60w, https:\/\/www2.unifr.ch\/dit\/faq\/wp-content\/uploads\/2019\/03\/img_5c93882eef9b2-150x96.png 150w\" sizes=\"(max-width: 335px) 100vw, 335px\" \/><\/p>\n<p id=\"pMjiAhD\">\n<p>&nbsp;<\/p>\n<p>Sie k\u00f6nnen verschiedenen Personen unterschiedliche Berechtigungsstufen zuweisen<\/p>\n<p id=\"PBEeikH\"><img decoding=\"async\" loading=\"lazy\" width=\"331\" height=\"370\" class=\"alignnone size-full wp-image-5902 \" src=\"https:\/\/www2.unifr.ch\/dit\/faq\/wp-content\/uploads\/2019\/03\/img_5c93886e1f404.png\" alt=\"\" srcset=\"https:\/\/www2.unifr.ch\/dit\/faq\/wp-content\/uploads\/2019\/03\/img_5c93886e1f404.png 331w, https:\/\/www2.unifr.ch\/dit\/faq\/wp-content\/uploads\/2019\/03\/img_5c93886e1f404-268x300.png 268w, https:\/\/www2.unifr.ch\/dit\/faq\/wp-content\/uploads\/2019\/03\/img_5c93886e1f404-54x60.png 54w, https:\/\/www2.unifr.ch\/dit\/faq\/wp-content\/uploads\/2019\/03\/img_5c93886e1f404-134x150.png 134w\" sizes=\"(max-width: 331px) 100vw, 331px\" \/><\/p>\n<p id=\"YPyDsgp\">\n<p>&nbsp;<\/p>\n<p>&nbsp;<\/p>\n<p>Bemerkung<\/p>\n<p>Um eine Person aus Ihrem geteilten Kalender zu entfernen, klicken Sie auf der Registerkarte &#8220;<strong>Organisieren<\/strong>&#8221; auf &#8220;<strong>Kalenderberechtigungen<\/strong>&#8220;.<\/p>\n<p>Pour supprimer un utilisateur qui avait acc\u00e8s \u00e0 un calendrier partag\u00e9, ouvrir l&#8217;onglet &#8220;<strong>Organiser<\/strong>&#8221; et cliquer le bouton &#8220;<strong>Autorisations du calendrier<\/strong>&#8220;.<\/p>\n<p id=\"JyLMjVY\">\n<p id=\"bcAUeHx\"><img decoding=\"async\" loading=\"lazy\" width=\"310\" height=\"95\" class=\"alignnone size-full wp-image-5904 \" src=\"https:\/\/www2.unifr.ch\/dit\/faq\/wp-content\/uploads\/2019\/03\/img_5c9388ebe4dae.png\" alt=\"\" srcset=\"https:\/\/www2.unifr.ch\/dit\/faq\/wp-content\/uploads\/2019\/03\/img_5c9388ebe4dae.png 310w, https:\/\/www2.unifr.ch\/dit\/faq\/wp-content\/uploads\/2019\/03\/img_5c9388ebe4dae-300x92.png 300w, https:\/\/www2.unifr.ch\/dit\/faq\/wp-content\/uploads\/2019\/03\/img_5c9388ebe4dae-60x18.png 60w, https:\/\/www2.unifr.ch\/dit\/faq\/wp-content\/uploads\/2019\/03\/img_5c9388ebe4dae-150x46.png 150w\" sizes=\"(max-width: 310px) 100vw, 310px\" \/><\/p>\n<p>&nbsp;<\/p>\n<p>Im Bereich &#8220;Kalendereigenschaften&#8221;, die Person ausw\u00e4hlen und auf &#8220;<strong>Entfernen<\/strong>&#8221; klicken<\/p>\n<p>&nbsp;<\/p>\n<p>&nbsp;<\/p>\n<p>[Quelle: DIT-SC]<\/p>\n","protected":false},"excerpt":{"rendered":"<p>W\u00e4hlen Sie im unteren Teil des Navigationsbereichs das Kalendersymbol &nbsp; W\u00e4hlen Sie den Kalender aus, den Sie freigeben m\u00f6chten. Klicken Sie auf der Registerkarte &#8220;Organisieren&#8221; auf &#8220;Kalenderberechtigungen&#8221; &nbsp; Klicken Sie im Bereich &#8220;Kalendereigenschaften&#8221; auf &#8220;Benutzer hinzuf\u00fcgen&#8221; &nbsp; Geben Sie im Feld &#8220;Suche&#8221; den Namen der Person ein, f\u00fcr die Sie Ihren Kalender freigeben m\u00f6chten. Wenn [&hellip;]<\/p>\n","protected":false},"author":5,"featured_media":0,"comment_status":"closed","ping_status":"closed","sticky":false,"template":"","format":"standard","meta":{"footnotes":""},"categories":[700,668],"tags":[246,806,249,146,89,802,807],"_links":{"self":[{"href":"https:\/\/www2.unifr.ch\/dit\/faq\/wp-json\/wp\/v2\/posts\/5891"}],"collection":[{"href":"https:\/\/www2.unifr.ch\/dit\/faq\/wp-json\/wp\/v2\/posts"}],"about":[{"href":"https:\/\/www2.unifr.ch\/dit\/faq\/wp-json\/wp\/v2\/types\/post"}],"author":[{"embeddable":true,"href":"https:\/\/www2.unifr.ch\/dit\/faq\/wp-json\/wp\/v2\/users\/5"}],"replies":[{"embeddable":true,"href":"https:\/\/www2.unifr.ch\/dit\/faq\/wp-json\/wp\/v2\/comments?post=5891"}],"version-history":[{"count":3,"href":"https:\/\/www2.unifr.ch\/dit\/faq\/wp-json\/wp\/v2\/posts\/5891\/revisions"}],"predecessor-version":[{"id":8980,"href":"https:\/\/www2.unifr.ch\/dit\/faq\/wp-json\/wp\/v2\/posts\/5891\/revisions\/8980"}],"wp:attachment":[{"href":"https:\/\/www2.unifr.ch\/dit\/faq\/wp-json\/wp\/v2\/media?parent=5891"}],"wp:term":[{"taxonomy":"category","embeddable":true,"href":"https:\/\/www2.unifr.ch\/dit\/faq\/wp-json\/wp\/v2\/categories?post=5891"},{"taxonomy":"post_tag","embeddable":true,"href":"https:\/\/www2.unifr.ch\/dit\/faq\/wp-json\/wp\/v2\/tags?post=5891"}],"curies":[{"name":"wp","href":"https:\/\/api.w.org\/{rel}","templated":true}]}}