{"id":6327,"date":"2019-07-17T08:20:10","date_gmt":"2019-07-17T06:20:10","guid":{"rendered":"https:\/\/www2.unifr.ch\/dit\/faq\/?p=6327"},"modified":"2025-07-01T10:33:19","modified_gmt":"2025-07-01T08:33:19","slug":"studierende-angestellte-outlook-kalenderfreigabe-extern-der-unifr-ch","status":"publish","type":"post","link":"https:\/\/www2.unifr.ch\/dit\/faq\/article\/studierende-angestellte-outlook-kalenderfreigabe-extern-der-unifr-ch\/?lang=de","title":{"rendered":"[E&#038;S] Outlook-Kalenderfreigabe extern der unifr.ch"},"content":{"rendered":"<p>Aus Outlook heraus ist es m\u00f6glich, einen Kalender mit einem oder mehreren Benutzern ausserhalb der unifr.ch-Dom\u00e4ne zu teilen.<\/p>\n<h3>1. Die Regeln der Kalenderfreigabe bestimmen<\/h3>\n<p>Outlook starten und die &#8220;Kalender&#8221;-Sicht w\u00e4hlen<\/p>\n<p id=\"GwYsodr\"><img decoding=\"async\" loading=\"lazy\" width=\"219\" height=\"60\" class=\"alignnone size-full wp-image-6300 \" src=\"https:\/\/www2.unifr.ch\/dit\/faq\/wp-content\/uploads\/2019\/06\/img_5d15c4eeab5b6.png\" alt=\"\" srcset=\"https:\/\/www2.unifr.ch\/dit\/faq\/wp-content\/uploads\/2019\/06\/img_5d15c4eeab5b6.png 219w, https:\/\/www2.unifr.ch\/dit\/faq\/wp-content\/uploads\/2019\/06\/img_5d15c4eeab5b6-60x16.png 60w, https:\/\/www2.unifr.ch\/dit\/faq\/wp-content\/uploads\/2019\/06\/img_5d15c4eeab5b6-150x41.png 150w\" sizes=\"(max-width: 219px) 100vw, 219px\" \/><\/p>\n<p>&nbsp;<\/p>\n<p>Rechter Mausklick auf den entsprechenden Kalender. Dann &#8220;Freigeben&#8221; &#8211; &#8220;<strong>Diesen Kalender ver\u00f6ffentlichen<\/strong>&#8221;<\/p>\n<p id=\"EHTVlJC\"><img decoding=\"async\" loading=\"lazy\" width=\"566\" height=\"108\" class=\"alignnone size-full wp-image-6329 \" src=\"https:\/\/www2.unifr.ch\/dit\/faq\/wp-content\/uploads\/2019\/06\/img_5d15d74653f21.png\" alt=\"\" srcset=\"https:\/\/www2.unifr.ch\/dit\/faq\/wp-content\/uploads\/2019\/06\/img_5d15d74653f21.png 566w, https:\/\/www2.unifr.ch\/dit\/faq\/wp-content\/uploads\/2019\/06\/img_5d15d74653f21-300x57.png 300w, https:\/\/www2.unifr.ch\/dit\/faq\/wp-content\/uploads\/2019\/06\/img_5d15d74653f21-60x11.png 60w, https:\/\/www2.unifr.ch\/dit\/faq\/wp-content\/uploads\/2019\/06\/img_5d15d74653f21-150x29.png 150w\" sizes=\"(max-width: 566px) 100vw, 566px\" \/><\/p>\n<p><em>English: &#8220;Share&#8221; &#8211; &#8220;Publish This Calendar&#8221;<\/em><\/p>\n<p>&nbsp;<\/p>\n<p>Der Webbrowser startet automatisch <a href=\"https:\/\/outlook.com\/unifr\">https:\/\/outlook,com\/unifr<\/a><\/p>\n<p>Ihre Benutzername und Kennwort erfassen und bet\u00e4tigen<\/p>\n<p id=\"OCPMtnA\"><img decoding=\"async\" loading=\"lazy\" width=\"337\" height=\"318\" class=\"alignnone size-full wp-image-6305 \" src=\"https:\/\/www2.unifr.ch\/dit\/faq\/wp-content\/uploads\/2019\/06\/img_5d15c5d4e69df.png\" alt=\"\" srcset=\"https:\/\/www2.unifr.ch\/dit\/faq\/wp-content\/uploads\/2019\/06\/img_5d15c5d4e69df.png 337w, https:\/\/www2.unifr.ch\/dit\/faq\/wp-content\/uploads\/2019\/06\/img_5d15c5d4e69df-300x283.png 300w, https:\/\/www2.unifr.ch\/dit\/faq\/wp-content\/uploads\/2019\/06\/img_5d15c5d4e69df-60x57.png 60w, https:\/\/www2.unifr.ch\/dit\/faq\/wp-content\/uploads\/2019\/06\/img_5d15c5d4e69df-150x142.png 150w\" sizes=\"(max-width: 337px) 100vw, 337px\" \/><\/p>\n<p>&nbsp;<\/p>\n<p>Die Zugriffsebene auf\u00a0 die Kalenderinformationen unter &#8220;Publishing details&#8221;, der Ver\u00f6ffentlichungszeitraum unter &#8220;Publish my calendar&#8221; und der Zugriff, dessen wir auf &#8220;<strong>Restricted<\/strong>&#8221; empfehlen zu lassen, unter &#8220;Access level&#8221;, m\u00fcssen bestimmt werden.<\/p>\n<p>Klick auf Druckknopf &#8220;start publishing&#8221;.<\/p>\n<p id=\"VCqyCDI\"><img decoding=\"async\" loading=\"lazy\" width=\"474\" height=\"408\" class=\"alignnone size-full wp-image-6307 \" src=\"https:\/\/www2.unifr.ch\/dit\/faq\/wp-content\/uploads\/2019\/06\/img_5d15c6c3b76b8.png\" alt=\"\" srcset=\"https:\/\/www2.unifr.ch\/dit\/faq\/wp-content\/uploads\/2019\/06\/img_5d15c6c3b76b8.png 474w, https:\/\/www2.unifr.ch\/dit\/faq\/wp-content\/uploads\/2019\/06\/img_5d15c6c3b76b8-300x258.png 300w, https:\/\/www2.unifr.ch\/dit\/faq\/wp-content\/uploads\/2019\/06\/img_5d15c6c3b76b8-60x52.png 60w, https:\/\/www2.unifr.ch\/dit\/faq\/wp-content\/uploads\/2019\/06\/img_5d15c6c3b76b8-150x129.png 150w\" sizes=\"(max-width: 474px) 100vw, 474px\" \/><\/p>\n<p>&nbsp;<\/p>\n<p>Klick auf Druckknopf &#8220;Save&#8221; und Webbrowser schliessen<\/p>\n<p id=\"YIWffXU\"><img decoding=\"async\" loading=\"lazy\" width=\"669\" height=\"215\" class=\"alignnone size-full wp-image-6310 \" src=\"https:\/\/www2.unifr.ch\/dit\/faq\/wp-content\/uploads\/2019\/06\/img_5d15c7323b7f9.png\" alt=\"\" srcset=\"https:\/\/www2.unifr.ch\/dit\/faq\/wp-content\/uploads\/2019\/06\/img_5d15c7323b7f9.png 669w, https:\/\/www2.unifr.ch\/dit\/faq\/wp-content\/uploads\/2019\/06\/img_5d15c7323b7f9-300x96.png 300w, https:\/\/www2.unifr.ch\/dit\/faq\/wp-content\/uploads\/2019\/06\/img_5d15c7323b7f9-600x193.png 600w, https:\/\/www2.unifr.ch\/dit\/faq\/wp-content\/uploads\/2019\/06\/img_5d15c7323b7f9-60x19.png 60w, https:\/\/www2.unifr.ch\/dit\/faq\/wp-content\/uploads\/2019\/06\/img_5d15c7323b7f9-150x48.png 150w\" sizes=\"(max-width: 669px) 100vw, 669px\" \/><\/p>\n<p>&nbsp;<\/p>\n<h3>2. Kalender mit einem oder mehreren Benutzern ausserhalb der unifr.ch teilen<\/h3>\n<p>Outlook neustarten und die &#8220;Kalender&#8221;-Sicht w\u00e4hlen<\/p>\n<p id=\"GwYsodr\"><img decoding=\"async\" loading=\"lazy\" width=\"219\" height=\"60\" class=\"alignnone size-full wp-image-6300 \" src=\"https:\/\/www2.unifr.ch\/dit\/faq\/wp-content\/uploads\/2019\/06\/img_5d15c4eeab5b6.png\" alt=\"\" srcset=\"https:\/\/www2.unifr.ch\/dit\/faq\/wp-content\/uploads\/2019\/06\/img_5d15c4eeab5b6.png 219w, https:\/\/www2.unifr.ch\/dit\/faq\/wp-content\/uploads\/2019\/06\/img_5d15c4eeab5b6-60x16.png 60w, https:\/\/www2.unifr.ch\/dit\/faq\/wp-content\/uploads\/2019\/06\/img_5d15c4eeab5b6-150x41.png 150w\" sizes=\"(max-width: 219px) 100vw, 219px\" \/><\/p>\n<p>&nbsp;<\/p>\n<p>Rechter Mausklick auf den entsprechenden Kalender. Dann &#8220;Freigeben&#8221; &#8211; &#8220;<strong>Kalender freigeben<\/strong>&#8221;<\/p>\n<p id=\"dDVWuKG\"><img decoding=\"async\" loading=\"lazy\" width=\"544\" height=\"90\" class=\"alignnone size-full wp-image-6335 \" src=\"https:\/\/www2.unifr.ch\/dit\/faq\/wp-content\/uploads\/2019\/06\/img_5d15db0c0536a.png\" alt=\"\" srcset=\"https:\/\/www2.unifr.ch\/dit\/faq\/wp-content\/uploads\/2019\/06\/img_5d15db0c0536a.png 544w, https:\/\/www2.unifr.ch\/dit\/faq\/wp-content\/uploads\/2019\/06\/img_5d15db0c0536a-300x50.png 300w, https:\/\/www2.unifr.ch\/dit\/faq\/wp-content\/uploads\/2019\/06\/img_5d15db0c0536a-60x10.png 60w, https:\/\/www2.unifr.ch\/dit\/faq\/wp-content\/uploads\/2019\/06\/img_5d15db0c0536a-150x25.png 150w\" sizes=\"(max-width: 544px) 100vw, 544px\" \/><\/p>\n<p><em>English: &#8220;Share&#8221; &#8211; &#8220;Share Calendar&#8221;<\/em><\/p>\n<p>&nbsp;<\/p>\n<p>Unter &#8220;An&#8230;&#8221; die E-Mail-Adressen den Empf\u00e4nger erfassen.\u00a0Klick auf Druckknopf &#8220;Senden&#8221;<\/p>\n<p id=\"PLtRIiS\"><img decoding=\"async\" loading=\"lazy\" width=\"535\" height=\"235\" class=\"alignnone size-full wp-image-6355 \" src=\"https:\/\/www2.unifr.ch\/dit\/faq\/wp-content\/uploads\/2019\/07\/img_5d2ebe23cee79.png\" alt=\"\" srcset=\"https:\/\/www2.unifr.ch\/dit\/faq\/wp-content\/uploads\/2019\/07\/img_5d2ebe23cee79.png 535w, https:\/\/www2.unifr.ch\/dit\/faq\/wp-content\/uploads\/2019\/07\/img_5d2ebe23cee79-300x132.png 300w, https:\/\/www2.unifr.ch\/dit\/faq\/wp-content\/uploads\/2019\/07\/img_5d2ebe23cee79-60x26.png 60w, https:\/\/www2.unifr.ch\/dit\/faq\/wp-content\/uploads\/2019\/07\/img_5d2ebe23cee79-150x66.png 150w\" sizes=\"(max-width: 535px) 100vw, 535px\" \/><\/p>\n<p>&nbsp;<\/p>\n<p id=\"mBZnPkR\"><img decoding=\"async\" loading=\"lazy\" width=\"350\" height=\"162\" class=\"alignnone size-full wp-image-6341 \" src=\"https:\/\/www2.unifr.ch\/dit\/faq\/wp-content\/uploads\/2019\/06\/img_5d15dcf63bfae.png\" alt=\"\" srcset=\"https:\/\/www2.unifr.ch\/dit\/faq\/wp-content\/uploads\/2019\/06\/img_5d15dcf63bfae.png 350w, https:\/\/www2.unifr.ch\/dit\/faq\/wp-content\/uploads\/2019\/06\/img_5d15dcf63bfae-300x139.png 300w, https:\/\/www2.unifr.ch\/dit\/faq\/wp-content\/uploads\/2019\/06\/img_5d15dcf63bfae-60x28.png 60w, https:\/\/www2.unifr.ch\/dit\/faq\/wp-content\/uploads\/2019\/06\/img_5d15dcf63bfae-150x69.png 150w\" sizes=\"(max-width: 350px) 100vw, 350px\" \/><\/p>\n<p>&nbsp;<\/p>\n<p>Der Empf\u00e4nger \u00f6ffnet die Einladungsmail und klickt auf den enthaltenen Link. Der freigegebene Kalender wird somit angezeigt.<\/p>\n<p id=\"tMZWGSY\"><img decoding=\"async\" loading=\"lazy\" width=\"541\" height=\"108\" class=\"alignnone size-full wp-image-6358 \" src=\"https:\/\/www2.unifr.ch\/dit\/faq\/wp-content\/uploads\/2019\/07\/img_5d2ec5a456f43.png\" alt=\"\" srcset=\"https:\/\/www2.unifr.ch\/dit\/faq\/wp-content\/uploads\/2019\/07\/img_5d2ec5a456f43.png 541w, https:\/\/www2.unifr.ch\/dit\/faq\/wp-content\/uploads\/2019\/07\/img_5d2ec5a456f43-300x60.png 300w, https:\/\/www2.unifr.ch\/dit\/faq\/wp-content\/uploads\/2019\/07\/img_5d2ec5a456f43-60x12.png 60w, https:\/\/www2.unifr.ch\/dit\/faq\/wp-content\/uploads\/2019\/07\/img_5d2ec5a456f43-150x30.png 150w\" sizes=\"(max-width: 541px) 100vw, 541px\" \/><\/p>\n<p>&nbsp;<\/p>\n<p>[Quelle : DIT-SR und DIT-SC]<\/p>\n","protected":false},"excerpt":{"rendered":"<p>Aus Outlook heraus ist es m\u00f6glich, einen Kalender mit einem oder mehreren Benutzern ausserhalb der unifr.ch-Dom\u00e4ne zu teilen. 1. Die Regeln der Kalenderfreigabe bestimmen Outlook starten und die &#8220;Kalender&#8221;-Sicht w\u00e4hlen &nbsp; Rechter Mausklick auf den entsprechenden Kalender. Dann &#8220;Freigeben&#8221; &#8211; &#8220;Diesen Kalender ver\u00f6ffentlichen&#8221; English: &#8220;Share&#8221; &#8211; &#8220;Publish This Calendar&#8221; &nbsp; Der Webbrowser startet automatisch https:\/\/outlook,com\/unifr [&hellip;]<\/p>\n","protected":false},"author":5,"featured_media":0,"comment_status":"closed","ping_status":"closed","sticky":false,"template":"","format":"standard","meta":{"footnotes":""},"categories":[669,700,701,668],"tags":[803,249,89,805,807],"_links":{"self":[{"href":"https:\/\/www2.unifr.ch\/dit\/faq\/wp-json\/wp\/v2\/posts\/6327"}],"collection":[{"href":"https:\/\/www2.unifr.ch\/dit\/faq\/wp-json\/wp\/v2\/posts"}],"about":[{"href":"https:\/\/www2.unifr.ch\/dit\/faq\/wp-json\/wp\/v2\/types\/post"}],"author":[{"embeddable":true,"href":"https:\/\/www2.unifr.ch\/dit\/faq\/wp-json\/wp\/v2\/users\/5"}],"replies":[{"embeddable":true,"href":"https:\/\/www2.unifr.ch\/dit\/faq\/wp-json\/wp\/v2\/comments?post=6327"}],"version-history":[{"count":15,"href":"https:\/\/www2.unifr.ch\/dit\/faq\/wp-json\/wp\/v2\/posts\/6327\/revisions"}],"predecessor-version":[{"id":11914,"href":"https:\/\/www2.unifr.ch\/dit\/faq\/wp-json\/wp\/v2\/posts\/6327\/revisions\/11914"}],"wp:attachment":[{"href":"https:\/\/www2.unifr.ch\/dit\/faq\/wp-json\/wp\/v2\/media?parent=6327"}],"wp:term":[{"taxonomy":"category","embeddable":true,"href":"https:\/\/www2.unifr.ch\/dit\/faq\/wp-json\/wp\/v2\/categories?post=6327"},{"taxonomy":"post_tag","embeddable":true,"href":"https:\/\/www2.unifr.ch\/dit\/faq\/wp-json\/wp\/v2\/tags?post=6327"}],"curies":[{"name":"wp","href":"https:\/\/api.w.org\/{rel}","templated":true}]}}