{"id":6781,"date":"2022-05-04T17:31:59","date_gmt":"2022-05-04T15:31:59","guid":{"rendered":"https:\/\/www2.unifr.ch\/dit\/faq\/?p=6781"},"modified":"2023-09-18T10:06:16","modified_gmt":"2023-09-18T08:06:16","slug":"angestellte-zugriff-auf-adobe-creative-clouds-acrobat-photoshop-indesign-usw","status":"publish","type":"post","link":"https:\/\/www2.unifr.ch\/dit\/faq\/article\/angestellte-zugriff-auf-adobe-creative-clouds-acrobat-photoshop-indesign-usw\/?lang=de","title":{"rendered":"[E] Zugriff auf Adobe Creative Clouds (Acrobat PRO, Photoshop, Indesign, usw.)"},"content":{"rendered":"<h3>1. Voraussetzungen<\/h3>\n<p>Sie sind Miglieder \/ Mitgliederin des Personals der Universit\u00e4t Freiburg. Studierende und Drittmittelpersonen haben keinen Zugang zu diesem Portal.<\/p>\n<p>&nbsp;<\/p>\n<h3 id=\"install\">2. Installation den Adobe-Programme<\/h3>\n<p>Folgende Webseite \u00f6ffnen <a href=\"https:\/\/creativecloud.adobe.com\/apps\/all\/desktop\" target=\"_blank\" rel=\"noopener noreferrer\">https:\/\/creativecloud.adobe.com\/apps\/all\/desktop<\/a><\/p>\n<p>Anmeldung mit Ihrer @unifr.ch-Emailadresse und Klick auf &#8220;Continue&#8221;<\/p>\n<p id=\"cZgmjok\"><img decoding=\"async\" loading=\"lazy\" class=\"alignnone wp-image-6808 size-medium\" src=\"https:\/\/www2.unifr.ch\/dit\/faq\/wp-content\/uploads\/2019\/11\/img_5dce4b3200f76-300x298.png\" alt=\"\" width=\"300\" height=\"298\" srcset=\"https:\/\/www2.unifr.ch\/dit\/faq\/wp-content\/uploads\/2019\/11\/img_5dce4b3200f76-300x298.png 300w, https:\/\/www2.unifr.ch\/dit\/faq\/wp-content\/uploads\/2019\/11\/img_5dce4b3200f76-150x150.png 150w, https:\/\/www2.unifr.ch\/dit\/faq\/wp-content\/uploads\/2019\/11\/img_5dce4b3200f76-60x60.png 60w, https:\/\/www2.unifr.ch\/dit\/faq\/wp-content\/uploads\/2019\/11\/img_5dce4b3200f76.png 381w\" sizes=\"(max-width: 300px) 100vw, 300px\" \/><\/p>\n<p>Im folgenden Dialogfeld, w\u00e4hlen Sie &#8220;<strong>Compagny or School Account<\/strong>&#8221;<\/p>\n<p id=\"fYmYDFg\"><img decoding=\"async\" loading=\"lazy\" class=\"alignnone wp-image-6810 size-medium\" src=\"https:\/\/www2.unifr.ch\/dit\/faq\/wp-content\/uploads\/2019\/11\/img_5dce4ba436830-300x234.png\" alt=\"\" width=\"300\" height=\"234\" srcset=\"https:\/\/www2.unifr.ch\/dit\/faq\/wp-content\/uploads\/2019\/11\/img_5dce4ba436830-300x234.png 300w, https:\/\/www2.unifr.ch\/dit\/faq\/wp-content\/uploads\/2019\/11\/img_5dce4ba436830-600x467.png 600w, https:\/\/www2.unifr.ch\/dit\/faq\/wp-content\/uploads\/2019\/11\/img_5dce4ba436830-60x47.png 60w, https:\/\/www2.unifr.ch\/dit\/faq\/wp-content\/uploads\/2019\/11\/img_5dce4ba436830-150x117.png 150w, https:\/\/www2.unifr.ch\/dit\/faq\/wp-content\/uploads\/2019\/11\/img_5dce4ba436830.png 758w\" sizes=\"(max-width: 300px) 100vw, 300px\" \/><\/p>\n<p>&nbsp;<\/p>\n<p>Das Kennwort Ihres @unifr.ch-Konto erfassen.<\/p>\n<p>&nbsp;<\/p>\n<p>Klick auf &#8220;<strong>Zur Website f\u00fcr die Schweiz<\/strong>&#8221;<\/p>\n<p id=\"apqKHij\"><img decoding=\"async\" loading=\"lazy\" class=\"alignnone wp-image-6813 size-medium\" src=\"https:\/\/www2.unifr.ch\/dit\/faq\/wp-content\/uploads\/2019\/11\/img_5dce4c571ddc6-300x188.png\" alt=\"\" width=\"300\" height=\"188\" srcset=\"https:\/\/www2.unifr.ch\/dit\/faq\/wp-content\/uploads\/2019\/11\/img_5dce4c571ddc6-300x188.png 300w, https:\/\/www2.unifr.ch\/dit\/faq\/wp-content\/uploads\/2019\/11\/img_5dce4c571ddc6-600x376.png 600w, https:\/\/www2.unifr.ch\/dit\/faq\/wp-content\/uploads\/2019\/11\/img_5dce4c571ddc6-60x38.png 60w, https:\/\/www2.unifr.ch\/dit\/faq\/wp-content\/uploads\/2019\/11\/img_5dce4c571ddc6-150x94.png 150w, https:\/\/www2.unifr.ch\/dit\/faq\/wp-content\/uploads\/2019\/11\/img_5dce4c571ddc6.png 757w\" sizes=\"(max-width: 300px) 100vw, 300px\" \/><\/p>\n<p>Die Programme, welche \u00fcber Ihrer Lizenz verf\u00fcgbar sind, k\u00f6nnen jetzt mittels &#8220;<strong>Herunterladen<\/strong>&#8221; auf dem Computer (Windows oder Mac OSX) installiert werden.<\/p>\n<p id=\"YMbtlFW\"><img decoding=\"async\" loading=\"lazy\" class=\"alignnone wp-image-6816 size-medium\" src=\"https:\/\/www2.unifr.ch\/dit\/faq\/wp-content\/uploads\/2019\/11\/img_5dce622831b5f-300x251.png\" alt=\"\" width=\"300\" height=\"251\" srcset=\"https:\/\/www2.unifr.ch\/dit\/faq\/wp-content\/uploads\/2019\/11\/img_5dce622831b5f-300x251.png 300w, https:\/\/www2.unifr.ch\/dit\/faq\/wp-content\/uploads\/2019\/11\/img_5dce622831b5f-60x50.png 60w, https:\/\/www2.unifr.ch\/dit\/faq\/wp-content\/uploads\/2019\/11\/img_5dce622831b5f-150x126.png 150w, https:\/\/www2.unifr.ch\/dit\/faq\/wp-content\/uploads\/2019\/11\/img_5dce622831b5f.png 349w\" sizes=\"(max-width: 300px) 100vw, 300px\" \/><\/p>\n<p>Sollte sich folgendes Dialogfeld anzeigen, Klick auf &#8220;OK&#8221;.<\/p>\n<p><img decoding=\"async\" loading=\"lazy\" class=\"alignnone size-full wp-image-8170\" src=\"https:\/\/www2.unifr.ch\/dit\/faq\/wp-content\/uploads\/2021\/03\/adobe-ok.jpg\" alt=\"\" width=\"504\" height=\"233\" srcset=\"https:\/\/www2.unifr.ch\/dit\/faq\/wp-content\/uploads\/2021\/03\/adobe-ok.jpg 504w, https:\/\/www2.unifr.ch\/dit\/faq\/wp-content\/uploads\/2021\/03\/adobe-ok-300x139.jpg 300w, https:\/\/www2.unifr.ch\/dit\/faq\/wp-content\/uploads\/2021\/03\/adobe-ok-60x28.jpg 60w, https:\/\/www2.unifr.ch\/dit\/faq\/wp-content\/uploads\/2021\/03\/adobe-ok-150x69.jpg 150w\" sizes=\"(max-width: 504px) 100vw, 504px\" \/><\/p>\n<p>Sollte sich folgendes Dialogfeld anzeigen, Klick auf &#8220;Run&#8221; (Ausf\u00fchren).<\/p>\n<p><img decoding=\"async\" loading=\"lazy\" class=\"alignnone size-large wp-image-8173\" src=\"https:\/\/www2.unifr.ch\/dit\/faq\/wp-content\/uploads\/2021\/03\/adobe-run-600x290.jpg\" alt=\"\" width=\"600\" height=\"290\" srcset=\"https:\/\/www2.unifr.ch\/dit\/faq\/wp-content\/uploads\/2021\/03\/adobe-run-600x290.jpg 600w, https:\/\/www2.unifr.ch\/dit\/faq\/wp-content\/uploads\/2021\/03\/adobe-run-300x145.jpg 300w, https:\/\/www2.unifr.ch\/dit\/faq\/wp-content\/uploads\/2021\/03\/adobe-run-768x371.jpg 768w, https:\/\/www2.unifr.ch\/dit\/faq\/wp-content\/uploads\/2021\/03\/adobe-run-60x29.jpg 60w, https:\/\/www2.unifr.ch\/dit\/faq\/wp-content\/uploads\/2021\/03\/adobe-run-150x72.jpg 150w, https:\/\/www2.unifr.ch\/dit\/faq\/wp-content\/uploads\/2021\/03\/adobe-run.jpg 789w\" sizes=\"(max-width: 600px) 100vw, 600px\" \/><\/p>\n<p>W\u00e4hrend der Installation von Acrobat PRO wird Ihnen eine Frage \u00fcber Ihre Acrobat-Kenntnisse gestellt. Ihre Antwort ist Ihnen freigelassen&#8230;<\/p>\n<p id=\"TvePimM\"><img decoding=\"async\" loading=\"lazy\" class=\"alignnone wp-image-6819 size-medium\" src=\"https:\/\/www2.unifr.ch\/dit\/faq\/wp-content\/uploads\/2019\/11\/img_5dce62afc4a58-300x107.png\" alt=\"\" width=\"300\" height=\"107\" srcset=\"https:\/\/www2.unifr.ch\/dit\/faq\/wp-content\/uploads\/2019\/11\/img_5dce62afc4a58-300x107.png 300w, https:\/\/www2.unifr.ch\/dit\/faq\/wp-content\/uploads\/2019\/11\/img_5dce62afc4a58-60x21.png 60w, https:\/\/www2.unifr.ch\/dit\/faq\/wp-content\/uploads\/2019\/11\/img_5dce62afc4a58-150x54.png 150w, https:\/\/www2.unifr.ch\/dit\/faq\/wp-content\/uploads\/2019\/11\/img_5dce62afc4a58.png 386w\" sizes=\"(max-width: 300px) 100vw, 300px\" \/><\/p>\n<p>W\u00e4hrend der Installation des ersten Adobe-Programmes, wird das Tool &#8220;Creative Cloud Desktop&#8221; installiert, bspw. erneuert (geupdated).<\/p>\n<p id=\"pzXAfGg\"><img decoding=\"async\" loading=\"lazy\" class=\"alignnone wp-image-6824\" src=\"https:\/\/www2.unifr.ch\/dit\/faq\/wp-content\/uploads\/2019\/11\/img_5dce639de09ff.png\" alt=\"\" width=\"91\" height=\"125\" srcset=\"https:\/\/www2.unifr.ch\/dit\/faq\/wp-content\/uploads\/2019\/11\/img_5dce639de09ff.png 111w, https:\/\/www2.unifr.ch\/dit\/faq\/wp-content\/uploads\/2019\/11\/img_5dce639de09ff-44x60.png 44w, https:\/\/www2.unifr.ch\/dit\/faq\/wp-content\/uploads\/2019\/11\/img_5dce639de09ff-109x150.png 109w\" sizes=\"(max-width: 91px) 100vw, 91px\" \/><\/p>\n<p id=\"FFTcOFF\"><img decoding=\"async\" loading=\"lazy\" class=\"alignnone wp-image-6822 size-medium\" src=\"https:\/\/www2.unifr.ch\/dit\/faq\/wp-content\/uploads\/2019\/11\/img_5dce636bd1f77-300x113.png\" alt=\"\" width=\"300\" height=\"113\" srcset=\"https:\/\/www2.unifr.ch\/dit\/faq\/wp-content\/uploads\/2019\/11\/img_5dce636bd1f77-300x113.png 300w, https:\/\/www2.unifr.ch\/dit\/faq\/wp-content\/uploads\/2019\/11\/img_5dce636bd1f77-60x23.png 60w, https:\/\/www2.unifr.ch\/dit\/faq\/wp-content\/uploads\/2019\/11\/img_5dce636bd1f77-150x56.png 150w, https:\/\/www2.unifr.ch\/dit\/faq\/wp-content\/uploads\/2019\/11\/img_5dce636bd1f77.png 496w\" sizes=\"(max-width: 300px) 100vw, 300px\" \/><\/p>\n<p>Sobald die Installation des Adobe-Programmes fertig ist, startet es automatisch.<\/p>\n<p id=\"JDbuEWe\"><img decoding=\"async\" loading=\"lazy\" width=\"450\" height=\"324\" class=\"alignnone size-full wp-image-6827 \" src=\"https:\/\/www2.unifr.ch\/dit\/faq\/wp-content\/uploads\/2019\/11\/img_5dce64b38bd66.png\" alt=\"\" srcset=\"https:\/\/www2.unifr.ch\/dit\/faq\/wp-content\/uploads\/2019\/11\/img_5dce64b38bd66.png 450w, https:\/\/www2.unifr.ch\/dit\/faq\/wp-content\/uploads\/2019\/11\/img_5dce64b38bd66-300x216.png 300w, https:\/\/www2.unifr.ch\/dit\/faq\/wp-content\/uploads\/2019\/11\/img_5dce64b38bd66-60x43.png 60w, https:\/\/www2.unifr.ch\/dit\/faq\/wp-content\/uploads\/2019\/11\/img_5dce64b38bd66-150x108.png 150w\" sizes=\"(max-width: 450px) 100vw, 450px\" \/><\/p>\n<p>Der Adobe-Kiosk bietet auf Ihrem Computer, via die Abk\u00fcrzung Adobe Creative Cloud auf dem Desktop von Windows und unter dem Ordner Applikationen in MacOS, alle Adobe Programme die von der Lizenz der Universit\u00e4t Freiburg freigeschalten sind.<\/p>\n<p>Um ein Programm zu installieren, reicht ein Klick auf dem Druckknopf &#8220;Install&#8221;.<\/p>\n<p><img decoding=\"async\" loading=\"lazy\" class=\"alignnone size-large wp-image-8181\" src=\"https:\/\/www2.unifr.ch\/dit\/faq\/wp-content\/uploads\/2021\/03\/adobe-creative-cloud-desktop-1-600x306.jpg\" alt=\"\" width=\"600\" height=\"306\" srcset=\"https:\/\/www2.unifr.ch\/dit\/faq\/wp-content\/uploads\/2021\/03\/adobe-creative-cloud-desktop-1-600x306.jpg 600w, https:\/\/www2.unifr.ch\/dit\/faq\/wp-content\/uploads\/2021\/03\/adobe-creative-cloud-desktop-1-300x153.jpg 300w, https:\/\/www2.unifr.ch\/dit\/faq\/wp-content\/uploads\/2021\/03\/adobe-creative-cloud-desktop-1-768x392.jpg 768w, https:\/\/www2.unifr.ch\/dit\/faq\/wp-content\/uploads\/2021\/03\/adobe-creative-cloud-desktop-1-60x31.jpg 60w, https:\/\/www2.unifr.ch\/dit\/faq\/wp-content\/uploads\/2021\/03\/adobe-creative-cloud-desktop-1-150x77.jpg 150w, https:\/\/www2.unifr.ch\/dit\/faq\/wp-content\/uploads\/2021\/03\/adobe-creative-cloud-desktop-1.jpg 1534w\" sizes=\"(max-width: 600px) 100vw, 600px\" \/><\/p>\n<h3>Gut zu wissen<\/h3>\n<p><strong>Der Support Center limitiert seine Hilfe<\/strong> f\u00fcr die Installation den folgenden Programme: Acrobat PRO, Photoshop, Indesign und Illustrator.<br \/>\nEs wird keine Hilfe f\u00fcr andere Adobe-Programme oder f\u00fcr Adobe-Funktionen angeboten.<\/p>\n<p>&nbsp;<\/p>\n<p>Um <strong>die Sprache Ihren Abode-Programme zu \u00e4ndern<\/strong>, zuerst Adobe Creative Cloud \u00f6ffnen,<\/p>\n<p id=\"apTZdKy\"><img decoding=\"async\" loading=\"lazy\" class=\"alignnone wp-image-10935 size-medium\" src=\"https:\/\/www2.unifr.ch\/dit\/faq\/wp-content\/uploads\/2023\/09\/img_650802a0a849b-300x79.png\" alt=\"\" width=\"300\" height=\"79\" srcset=\"https:\/\/www2.unifr.ch\/dit\/faq\/wp-content\/uploads\/2023\/09\/img_650802a0a849b-300x79.png 300w, https:\/\/www2.unifr.ch\/dit\/faq\/wp-content\/uploads\/2023\/09\/img_650802a0a849b-60x16.png 60w, https:\/\/www2.unifr.ch\/dit\/faq\/wp-content\/uploads\/2023\/09\/img_650802a0a849b-150x40.png 150w, https:\/\/www2.unifr.ch\/dit\/faq\/wp-content\/uploads\/2023\/09\/img_650802a0a849b.png 311w\" sizes=\"(max-width: 300px) 100vw, 300px\" \/><\/p>\n<p>um &#8220;Preferences&#8221; auszuw\u00e4hlen.<\/p>\n<p id=\"zOeBfYu\"><img decoding=\"async\" loading=\"lazy\" class=\"alignnone wp-image-10937 size-medium\" src=\"https:\/\/www2.unifr.ch\/dit\/faq\/wp-content\/uploads\/2023\/09\/img_650802dd467f4-300x208.png\" alt=\"\" width=\"300\" height=\"208\" srcset=\"https:\/\/www2.unifr.ch\/dit\/faq\/wp-content\/uploads\/2023\/09\/img_650802dd467f4-300x208.png 300w, https:\/\/www2.unifr.ch\/dit\/faq\/wp-content\/uploads\/2023\/09\/img_650802dd467f4-60x42.png 60w, https:\/\/www2.unifr.ch\/dit\/faq\/wp-content\/uploads\/2023\/09\/img_650802dd467f4-150x104.png 150w, https:\/\/www2.unifr.ch\/dit\/faq\/wp-content\/uploads\/2023\/09\/img_650802dd467f4.png 429w\" sizes=\"(max-width: 300px) 100vw, 300px\" \/><\/p>\n<p>Unter &#8220;Apps&#8221;, w\u00e4hlen Sie die gew\u00fcnschte Sprache im Feld &#8220;Default install language&#8221;.<\/p>\n<p id=\"iXUUZRO\"><img decoding=\"async\" loading=\"lazy\" class=\"alignnone wp-image-10942 size-large\" src=\"https:\/\/www2.unifr.ch\/dit\/faq\/wp-content\/uploads\/2023\/09\/img_650804b85fad8-600x270.png\" alt=\"\" width=\"600\" height=\"270\" srcset=\"https:\/\/www2.unifr.ch\/dit\/faq\/wp-content\/uploads\/2023\/09\/img_650804b85fad8-600x270.png 600w, https:\/\/www2.unifr.ch\/dit\/faq\/wp-content\/uploads\/2023\/09\/img_650804b85fad8-300x135.png 300w, https:\/\/www2.unifr.ch\/dit\/faq\/wp-content\/uploads\/2023\/09\/img_650804b85fad8-768x346.png 768w, https:\/\/www2.unifr.ch\/dit\/faq\/wp-content\/uploads\/2023\/09\/img_650804b85fad8-60x27.png 60w, https:\/\/www2.unifr.ch\/dit\/faq\/wp-content\/uploads\/2023\/09\/img_650804b85fad8-150x68.png 150w, https:\/\/www2.unifr.ch\/dit\/faq\/wp-content\/uploads\/2023\/09\/img_650804b85fad8.png 806w\" sizes=\"(max-width: 600px) 100vw, 600px\" \/><\/p>\n<p>Die Programme die schon installiert sind m\u00fcssen zuerst deinstalliert, und dann neu installiert werden. Somit werden sie in Deutsch ausgef\u00fchrt.<\/p>\n<p>&nbsp;<\/p>\n<p>Sollte Adobe Creative Cloud Ihnen <b>den Einkauf von Programme anbieten<\/b>, dann klicken Sie auf Ihrem Konto.<\/p>\n<p><img decoding=\"async\" loading=\"lazy\" class=\"alignnone size-full wp-image-6903\" src=\"https:\/\/www2.unifr.ch\/dit\/faq\/wp-content\/uploads\/2019\/11\/Acc0.jpg\" alt=\"\" width=\"216\" height=\"127\" srcset=\"https:\/\/www2.unifr.ch\/dit\/faq\/wp-content\/uploads\/2019\/11\/Acc0.jpg 216w, https:\/\/www2.unifr.ch\/dit\/faq\/wp-content\/uploads\/2019\/11\/Acc0-60x35.jpg 60w, https:\/\/www2.unifr.ch\/dit\/faq\/wp-content\/uploads\/2019\/11\/Acc0-150x88.jpg 150w\" sizes=\"(max-width: 216px) 100vw, 216px\" \/><\/p>\n<p>Klick auf &#8220;Adobe Account&#8221;<\/p>\n<p><img decoding=\"async\" loading=\"lazy\" class=\"alignnone size-full wp-image-6905\" src=\"https:\/\/www2.unifr.ch\/dit\/faq\/wp-content\/uploads\/2019\/11\/Acc1.jpg\" alt=\"\" width=\"369\" height=\"181\" srcset=\"https:\/\/www2.unifr.ch\/dit\/faq\/wp-content\/uploads\/2019\/11\/Acc1.jpg 369w, https:\/\/www2.unifr.ch\/dit\/faq\/wp-content\/uploads\/2019\/11\/Acc1-300x147.jpg 300w, https:\/\/www2.unifr.ch\/dit\/faq\/wp-content\/uploads\/2019\/11\/Acc1-60x29.jpg 60w, https:\/\/www2.unifr.ch\/dit\/faq\/wp-content\/uploads\/2019\/11\/Acc1-150x74.jpg 150w\" sizes=\"(max-width: 369px) 100vw, 369px\" \/><\/p>\n<p>Unter &#8220;Adobe f\u00fcr Unternehmen&#8221;, Klick auf &#8220;Meine Applikationen anzeigen und herunterladen&#8221;.<\/p>\n<p><img decoding=\"async\" loading=\"lazy\" class=\"alignnone size-large wp-image-6910\" src=\"https:\/\/www2.unifr.ch\/dit\/faq\/wp-content\/uploads\/2019\/11\/Acc3-600x534.jpg\" alt=\"\" width=\"600\" height=\"534\" srcset=\"https:\/\/www2.unifr.ch\/dit\/faq\/wp-content\/uploads\/2019\/11\/Acc3-600x534.jpg 600w, https:\/\/www2.unifr.ch\/dit\/faq\/wp-content\/uploads\/2019\/11\/Acc3-300x267.jpg 300w, https:\/\/www2.unifr.ch\/dit\/faq\/wp-content\/uploads\/2019\/11\/Acc3-60x53.jpg 60w, https:\/\/www2.unifr.ch\/dit\/faq\/wp-content\/uploads\/2019\/11\/Acc3-150x134.jpg 150w, https:\/\/www2.unifr.ch\/dit\/faq\/wp-content\/uploads\/2019\/11\/Acc3.jpg 738w\" sizes=\"(max-width: 600px) 100vw, 600px\" \/><\/p>\n<p>&nbsp;<\/p>\n<p>Jedes Programm aus dem Adobe Creative Cloud-Angebot kann\u00a0 auf\u00a0 <strong>max.\u00a02\u00a0Computer<\/strong> installiert werden. Diese Begrenzung wird von Adobe automatisch \u00fcberpr\u00fcft. Falls diese Limitierung \u00fcberschreitet wird, ist der Benutzer, bspw. die Benutzerin, Mitglieder des Personals der Universit\u00e4t Freiburg, automatisch dar\u00fcber informiert:<\/p>\n<p><img decoding=\"async\" loading=\"lazy\" class=\"alignnone size-large wp-image-6886\" src=\"https:\/\/www2.unifr.ch\/dit\/faq\/wp-content\/uploads\/2019\/11\/2019-11-22_07-35-53-600x504.png\" alt=\"\" width=\"600\" height=\"504\" srcset=\"https:\/\/www2.unifr.ch\/dit\/faq\/wp-content\/uploads\/2019\/11\/2019-11-22_07-35-53-600x504.png 600w, https:\/\/www2.unifr.ch\/dit\/faq\/wp-content\/uploads\/2019\/11\/2019-11-22_07-35-53-300x252.png 300w, https:\/\/www2.unifr.ch\/dit\/faq\/wp-content\/uploads\/2019\/11\/2019-11-22_07-35-53-60x50.png 60w, https:\/\/www2.unifr.ch\/dit\/faq\/wp-content\/uploads\/2019\/11\/2019-11-22_07-35-53-150x126.png 150w, https:\/\/www2.unifr.ch\/dit\/faq\/wp-content\/uploads\/2019\/11\/2019-11-22_07-35-53.png 761w\" sizes=\"(max-width: 600px) 100vw, 600px\" \/><\/p>\n<p>Programm-Updates werden regelm\u00e4ssig angeboten.<\/p>\n<p><img decoding=\"async\" loading=\"lazy\" class=\"alignnone size-medium wp-image-7601\" src=\"https:\/\/www2.unifr.ch\/dit\/faq\/wp-content\/uploads\/2019\/12\/adobe-update-creative-cloud-300x63.jpg\" alt=\"\" width=\"300\" height=\"63\" srcset=\"https:\/\/www2.unifr.ch\/dit\/faq\/wp-content\/uploads\/2019\/12\/adobe-update-creative-cloud-300x63.jpg 300w, https:\/\/www2.unifr.ch\/dit\/faq\/wp-content\/uploads\/2019\/12\/adobe-update-creative-cloud-60x13.jpg 60w, https:\/\/www2.unifr.ch\/dit\/faq\/wp-content\/uploads\/2019\/12\/adobe-update-creative-cloud-150x32.jpg 150w, https:\/\/www2.unifr.ch\/dit\/faq\/wp-content\/uploads\/2019\/12\/adobe-update-creative-cloud.jpg 514w\" sizes=\"(max-width: 300px) 100vw, 300px\" \/><\/p>\n<p>[Quelle: DIT-RA &amp; DIT-SD]<\/p>\n","protected":false},"excerpt":{"rendered":"<p>1. Voraussetzungen Sie sind Miglieder \/ Mitgliederin des Personals der Universit\u00e4t Freiburg. Studierende und Drittmittelpersonen haben keinen Zugang zu diesem Portal. &nbsp; 2. Installation den Adobe-Programme Folgende Webseite \u00f6ffnen https:\/\/creativecloud.adobe.com\/apps\/all\/desktop Anmeldung mit Ihrer @unifr.ch-Emailadresse und Klick auf &#8220;Continue&#8221; Im folgenden Dialogfeld, w\u00e4hlen Sie &#8220;Compagny or School Account&#8221; &nbsp; Das Kennwort Ihres @unifr.ch-Konto erfassen. &nbsp; Klick [&hellip;]<\/p>\n","protected":false},"author":5,"featured_media":0,"comment_status":"closed","ping_status":"closed","sticky":false,"template":"","format":"standard","meta":{"footnotes":""},"categories":[460,632,627],"tags":[829,827,830,831,828,817],"_links":{"self":[{"href":"https:\/\/www2.unifr.ch\/dit\/faq\/wp-json\/wp\/v2\/posts\/6781"}],"collection":[{"href":"https:\/\/www2.unifr.ch\/dit\/faq\/wp-json\/wp\/v2\/posts"}],"about":[{"href":"https:\/\/www2.unifr.ch\/dit\/faq\/wp-json\/wp\/v2\/types\/post"}],"author":[{"embeddable":true,"href":"https:\/\/www2.unifr.ch\/dit\/faq\/wp-json\/wp\/v2\/users\/5"}],"replies":[{"embeddable":true,"href":"https:\/\/www2.unifr.ch\/dit\/faq\/wp-json\/wp\/v2\/comments?post=6781"}],"version-history":[{"count":48,"href":"https:\/\/www2.unifr.ch\/dit\/faq\/wp-json\/wp\/v2\/posts\/6781\/revisions"}],"predecessor-version":[{"id":10944,"href":"https:\/\/www2.unifr.ch\/dit\/faq\/wp-json\/wp\/v2\/posts\/6781\/revisions\/10944"}],"wp:attachment":[{"href":"https:\/\/www2.unifr.ch\/dit\/faq\/wp-json\/wp\/v2\/media?parent=6781"}],"wp:term":[{"taxonomy":"category","embeddable":true,"href":"https:\/\/www2.unifr.ch\/dit\/faq\/wp-json\/wp\/v2\/categories?post=6781"},{"taxonomy":"post_tag","embeddable":true,"href":"https:\/\/www2.unifr.ch\/dit\/faq\/wp-json\/wp\/v2\/tags?post=6781"}],"curies":[{"name":"wp","href":"https:\/\/api.w.org\/{rel}","templated":true}]}}