{"id":7384,"date":"2021-11-03T14:29:54","date_gmt":"2021-11-03T13:29:54","guid":{"rendered":"https:\/\/www2.unifr.ch\/dit\/faq\/article\/etudiant-e-s-employe-e-s-teams\/"},"modified":"2025-07-01T10:31:01","modified_gmt":"2025-07-01T08:31:01","slug":"etudiant-e-s-employe-e-s-teams","status":"publish","type":"post","link":"https:\/\/www2.unifr.ch\/dit\/faq\/article\/etudiant-e-s-employe-e-s-teams\/?lang=de","title":{"rendered":"[E&#038;S] MS Teams: Hilfe"},"content":{"rendered":"\r\n<blockquote class=\"wp-block-quote\">\r\n<p>Tipps f\u00fcr Organisatoren und Moderatoren, um grosse Meetings mit MS Teams erfolgreich durchzuf\u00fchren:<\/p>\r\n<cite><a href=\"https:\/\/techcommunity.microsoft.com\/t5\/microsoft-teams-blog\/best-practices-for-successful-large-meetings-in-microsoft-teams\/ba-p\/3201971\" target=\"_blank\" rel=\"noreferrer noopener\" aria-label=\"https:\/\/techcommunity.microsoft.com\/t5\/microsoft-teams-blog\/best-practices-for-successful-large-meetings-in-microsoft-teams\/ba-p\/3201971 (s\u2019ouvre dans un nouvel onglet)\">https:\/\/techcommunity.microsoft.com\/t5\/microsoft-teams-blog\/best-practices-for-successful-large-meetings-in-microsoft-teams\/ba-p\/3201971<\/a><\/cite><\/blockquote>\r\n\r\n\r\n\r\n<p>Eine gezielte Hilfe f\u00fcr die Benutzung von MS Teams innerhalb der Universit\u00e4t Freiburg, befindet sich in den beiden folgenden FAQ-Artikeln:<\/p>\r\n\r\n\r\n\r\n<ul>\r\n<li><a href=\"https:\/\/www2.unifr.ch\/dit\/faq\/article\/teams-teaching\/?lang=de\">Fernstudium<\/a><\/li>\r\n<li><a href=\"https:\/\/www2.unifr.ch\/dit\/faq\/article\/teams-generalities\/?lang=de\">Allgemeines<\/a><\/li>\r\n<\/ul>\r\n\r\n\r\n\r\n<p>Eine generelle Hilfe f\u00fcr MS Teams steht unter folgenden Links zur Verf\u00fcgung:<\/p>\r\n\r\n\r\n\r\n<ul>\r\n<li><a href=\"https:\/\/support.microsoft.com\/de-de\/office\/besprechungen-1f8862a1-48f2-4869-863d-564123343d38\">Aufnahme und basic Verwaltung einer Besprechung<\/a><\/li>\r\n<li><a href=\"https:\/\/nte.unifr.ch\/blog\/2021\/05\/20\/creer-des-sondages-avec-microsoft-forms\/\">MS Forms, utilisation dans le cadre de l\u2019enseignement <\/a><\/li>\r\n<li><a href=\"https:\/\/support.microsoft.com\/de-de\/forms\">MS Forms, Umfragen mittels Formulare<\/a><\/li>\r\n<\/ul>\r\n\r\n\r\n\r\n<p>Der Staat Freiburg bietet auch <a href=\"https:\/\/fr.enable-now.cloud.sap\/pub\/a4161b6ed\/index.html?library=library.txt&amp;show=group!GR_2E04C095E7B6FEAE\" target=\"_blank\" rel=\"noopener\">Online-Ausbildungen<\/a> f\u00fcr MS Teams an<\/p>\r\n<p id=\"OsQAuTQ\"><img decoding=\"async\" loading=\"lazy\" width=\"332\" height=\"305\" class=\"alignnone size-full wp-image-11170 \" src=\"https:\/\/www2.unifr.ch\/dit\/faq\/wp-content\/uploads\/2024\/01\/img_6595381326600.png\" alt=\"\" srcset=\"https:\/\/www2.unifr.ch\/dit\/faq\/wp-content\/uploads\/2024\/01\/img_6595381326600.png 332w, https:\/\/www2.unifr.ch\/dit\/faq\/wp-content\/uploads\/2024\/01\/img_6595381326600-300x276.png 300w, https:\/\/www2.unifr.ch\/dit\/faq\/wp-content\/uploads\/2024\/01\/img_6595381326600-60x55.png 60w, https:\/\/www2.unifr.ch\/dit\/faq\/wp-content\/uploads\/2024\/01\/img_6595381326600-150x138.png 150w\" sizes=\"(max-width: 332px) 100vw, 332px\" \/><\/p>\r\n\r\n\r\n\r\n<h3 class=\"wp-block-heading\">Gut zu wissen:<\/h3>\r\n\r\n\r\n\r\n<p>F\u00fcr das Fernstudium, bitte die weitere Empfehlungen folgen<br \/><a href=\"https:\/\/www3.unifr.ch\/it\/de\/fernstudium.html\">https:\/\/www3.unifr.ch\/it\/de\/fernstudium.html<\/a><\/p>\r\n\r\n\r\n<hr class=\"wp-block-separator\" \/>\r\n\r\n\r\n<p>Wussten Sie, dass die TeilnehmernInnen eines Moodle-Kurses in Moodle und nicht in MS Teams verwaltet werden m\u00fcssen!<\/p>\r\n\r\n\r\n<hr class=\"wp-block-separator\" \/>\r\n\r\n\r\n<p><a href=\"https:\/\/moodle.unifr.ch\/mod\/forum\/discuss.php?d=68027\">Fragen\/Antworten zum Studium mit Teams in dem Auditorium<\/a><\/p>\r\n\r\n\r\n\r\n<ul>\r\n<li><a href=\"https:\/\/www3.unifr.ch\/it\/de\/assets\/public\/documents\/EnseignementApprentissage\/DIT_HS_2020_IT_Konzept_de.pdf\">Konzept der IT und Multimedia-Ausstattung f\u00fcr den Unterricht<\/a><\/li>\r\n<li><a href=\"https:\/\/www.unifr.ch\/it\/de\/assets\/public\/documents\/EnseignementApprentissage\/vademecum_enseignementEnLigne_de.pdf\">Vademecum f\u00fcr den Online-Unterricht<\/a>\u00a0(vorgeschlagen von der Didactique universitaire)<\/li>\r\n<li><a href=\"https:\/\/www.unifr.ch\/it\/de\/assets\/public\/documents\/EnseignementApprentissage\/vademecum_apprendreADistance_de.pdf\">Vademecum f\u00fcr den Fernstudium<\/a>\u00a0(vorgeschlagen von der Didactique universitaire)<\/li>\r\n<\/ul>\r\n\r\n\r\n<hr class=\"wp-block-separator\" \/>\r\n\r\n\r\n<p>Die MS Teams-Hilfe finden Sie im <a href=\"https:\/\/www.unifr.ch\/it\/de\/assets\/public\/uploads\/UniFR%20Teams%20Users%20Docs%20-%20DE%20v2.2.pdf\" target=\"_blank\" rel=\"noreferrer noopener\" aria-label=\" (s\u2019ouvre dans un nouvel onglet)\">Schnellstart-Handbuch<\/a>! <br \/>English speaking people, see the <a href=\"https:\/\/www3.unifr.ch\/it\/fr\/assets\/public\/uploads\/UniFR%20Teams%20Users%20Docs%20-%20EN%20v2.2.pdf\" target=\"_blank\" rel=\"noreferrer noopener\" aria-label=\" (s\u2019ouvre dans un nouvel onglet)\">Quick Start Guide<\/a>.<\/p>\r\n\r\n\r\n<hr class=\"wp-block-separator\" \/>\r\n\r\n\r\n<p><a href=\"https:\/\/support.microsoft.com\/de-de\/teams\">Hilfe und Learning von MS Teams<\/a><\/p>\r\n\r\n\r\n\r\n<figure class=\"wp-block-image\"><img decoding=\"async\" loading=\"lazy\" width=\"600\" height=\"76\" class=\"wp-image-9331\" src=\"https:\/\/www2.unifr.ch\/dit\/faq\/wp-content\/uploads\/2021\/11\/hilfe-und-learning-600x76.png\" alt=\"\" srcset=\"https:\/\/www2.unifr.ch\/dit\/faq\/wp-content\/uploads\/2021\/11\/hilfe-und-learning-600x76.png 600w, https:\/\/www2.unifr.ch\/dit\/faq\/wp-content\/uploads\/2021\/11\/hilfe-und-learning-300x38.png 300w, https:\/\/www2.unifr.ch\/dit\/faq\/wp-content\/uploads\/2021\/11\/hilfe-und-learning-768x97.png 768w, https:\/\/www2.unifr.ch\/dit\/faq\/wp-content\/uploads\/2021\/11\/hilfe-und-learning-60x8.png 60w, https:\/\/www2.unifr.ch\/dit\/faq\/wp-content\/uploads\/2021\/11\/hilfe-und-learning-150x19.png 150w, https:\/\/www2.unifr.ch\/dit\/faq\/wp-content\/uploads\/2021\/11\/hilfe-und-learning.png 930w\" sizes=\"(max-width: 600px) 100vw, 600px\" \/>\r\n<figcaption><a href=\"https:\/\/support.microsoft.com\/de-de\/teams\">https:\/\/support.microsoft.com\/de-de\/teams<\/a><\/figcaption>\r\n<\/figure>\r\n\r\n\r\n<hr class=\"wp-block-separator\" \/>\r\n\r\n\r\n<p>Das Foto des MS Teams-Profils muss in <a href=\"https:\/\/outlook.com\/unifr\" target=\"_blank\" rel=\"noreferrer noopener\">https:\/\/outlook.com\/unifr<\/a>\u00a0unter dem Benutzerprofil aktiviert werden. Aufgrund der Synchronisierung, kann es bis zu 24 Stunden dauern, bis das Foto in MS-Teams angezeigt wird.<\/p>\r\n\r\n\r\n<hr class=\"wp-block-separator\" \/>\r\n\r\n\r\n<p>Einstellungen- oder Konfigurations\u00e4nderungen in MS Teams k\u00f6nnen bis zu <br \/>24 Stunden dauern, bis sie wirksam werden.<\/p>\r\n\r\n\r\n\r\n<figure class=\"wp-block-image\"><img decoding=\"async\" loading=\"lazy\" width=\"300\" height=\"264\" class=\"wp-image-7409\" src=\"https:\/\/www2.unifr.ch\/dit\/faq\/wp-content\/uploads\/2020\/04\/image-3-300x264.png\" alt=\"\" srcset=\"https:\/\/www2.unifr.ch\/dit\/faq\/wp-content\/uploads\/2020\/04\/image-3-300x264.png 300w, https:\/\/www2.unifr.ch\/dit\/faq\/wp-content\/uploads\/2020\/04\/image-3-60x53.png 60w, https:\/\/www2.unifr.ch\/dit\/faq\/wp-content\/uploads\/2020\/04\/image-3-150x132.png 150w, https:\/\/www2.unifr.ch\/dit\/faq\/wp-content\/uploads\/2020\/04\/image-3.png 425w\" sizes=\"(max-width: 300px) 100vw, 300px\" \/><\/figure>\r\n\r\n\r\n<hr class=\"wp-block-separator\" \/>\r\n\r\n\r\n<p>Standardm\u00e4ssing sind die \u201eKanalbenachrichtigungen\u201c von MS Teams deaktiviert.<\/p>\r\n\r\n\r\n\r\n<figure class=\"wp-block-image\"><img decoding=\"async\" loading=\"lazy\" width=\"300\" height=\"90\" class=\"wp-image-7411\" src=\"https:\/\/www2.unifr.ch\/dit\/faq\/wp-content\/uploads\/2020\/04\/image-4-300x90.png\" alt=\"\" srcset=\"https:\/\/www2.unifr.ch\/dit\/faq\/wp-content\/uploads\/2020\/04\/image-4-300x90.png 300w, https:\/\/www2.unifr.ch\/dit\/faq\/wp-content\/uploads\/2020\/04\/image-4-768x229.png 768w, https:\/\/www2.unifr.ch\/dit\/faq\/wp-content\/uploads\/2020\/04\/image-4-600x179.png 600w, https:\/\/www2.unifr.ch\/dit\/faq\/wp-content\/uploads\/2020\/04\/image-4-60x18.png 60w, https:\/\/www2.unifr.ch\/dit\/faq\/wp-content\/uploads\/2020\/04\/image-4-150x45.png 150w, https:\/\/www2.unifr.ch\/dit\/faq\/wp-content\/uploads\/2020\/04\/image-4.png 848w\" sizes=\"(max-width: 300px) 100vw, 300px\" \/><\/figure>\r\n\r\n\r\n<hr class=\"wp-block-separator\" \/>\r\n\r\n\r\n<figure class=\"wp-block-image\"><img decoding=\"async\" loading=\"lazy\" width=\"600\" height=\"253\" class=\"wp-image-7691\" src=\"https:\/\/www2.unifr.ch\/dit\/faq\/wp-content\/uploads\/2020\/09\/settings-1-600x253.jpg\" alt=\"\" srcset=\"https:\/\/www2.unifr.ch\/dit\/faq\/wp-content\/uploads\/2020\/09\/settings-1-600x253.jpg 600w, https:\/\/www2.unifr.ch\/dit\/faq\/wp-content\/uploads\/2020\/09\/settings-1-300x126.jpg 300w, https:\/\/www2.unifr.ch\/dit\/faq\/wp-content\/uploads\/2020\/09\/settings-1-768x324.jpg 768w, https:\/\/www2.unifr.ch\/dit\/faq\/wp-content\/uploads\/2020\/09\/settings-1-60x25.jpg 60w, https:\/\/www2.unifr.ch\/dit\/faq\/wp-content\/uploads\/2020\/09\/settings-1-150x63.jpg 150w, https:\/\/www2.unifr.ch\/dit\/faq\/wp-content\/uploads\/2020\/09\/settings-1.jpg 1068w\" sizes=\"(max-width: 600px) 100vw, 600px\" \/>\r\n<figcaption><br \/>Empfohlene Einstellungen f\u00fcr MS Teams<\/figcaption>\r\n<\/figure>\r\n\r\n\r\n\r\n<p>&nbsp;<\/p>\r\n\r\n\r\n\r\n<p>[Quelle: DIT-I&amp;O]<\/p>\r\n","protected":false},"excerpt":{"rendered":"<p>Tipps f\u00fcr Organisatoren und Moderatoren, um grosse Meetings mit MS Teams erfolgreich durchzuf\u00fchren: https:\/\/techcommunity.microsoft.com\/t5\/microsoft-teams-blog\/best-practices-for-successful-large-meetings-in-microsoft-teams\/ba-p\/3201971 Eine gezielte Hilfe f\u00fcr die Benutzung von MS Teams innerhalb der Universit\u00e4t Freiburg, befindet sich in den beiden folgenden FAQ-Artikeln: Fernstudium Allgemeines Eine generelle Hilfe f\u00fcr MS Teams steht unter folgenden Links zur Verf\u00fcgung: Aufnahme und basic Verwaltung einer Besprechung MS [&hellip;]<\/p>\n","protected":false},"author":5,"featured_media":0,"comment_status":"closed","ping_status":"closed","sticky":false,"template":"","format":"standard","meta":{"footnotes":""},"categories":[700,701,607],"tags":[853,894,852],"_links":{"self":[{"href":"https:\/\/www2.unifr.ch\/dit\/faq\/wp-json\/wp\/v2\/posts\/7384"}],"collection":[{"href":"https:\/\/www2.unifr.ch\/dit\/faq\/wp-json\/wp\/v2\/posts"}],"about":[{"href":"https:\/\/www2.unifr.ch\/dit\/faq\/wp-json\/wp\/v2\/types\/post"}],"author":[{"embeddable":true,"href":"https:\/\/www2.unifr.ch\/dit\/faq\/wp-json\/wp\/v2\/users\/5"}],"replies":[{"embeddable":true,"href":"https:\/\/www2.unifr.ch\/dit\/faq\/wp-json\/wp\/v2\/comments?post=7384"}],"version-history":[{"count":39,"href":"https:\/\/www2.unifr.ch\/dit\/faq\/wp-json\/wp\/v2\/posts\/7384\/revisions"}],"predecessor-version":[{"id":11912,"href":"https:\/\/www2.unifr.ch\/dit\/faq\/wp-json\/wp\/v2\/posts\/7384\/revisions\/11912"}],"wp:attachment":[{"href":"https:\/\/www2.unifr.ch\/dit\/faq\/wp-json\/wp\/v2\/media?parent=7384"}],"wp:term":[{"taxonomy":"category","embeddable":true,"href":"https:\/\/www2.unifr.ch\/dit\/faq\/wp-json\/wp\/v2\/categories?post=7384"},{"taxonomy":"post_tag","embeddable":true,"href":"https:\/\/www2.unifr.ch\/dit\/faq\/wp-json\/wp\/v2\/tags?post=7384"}],"curies":[{"name":"wp","href":"https:\/\/api.w.org\/{rel}","templated":true}]}}