{"id":8394,"date":"2021-05-19T14:30:09","date_gmt":"2021-05-19T12:30:09","guid":{"rendered":"https:\/\/www2.unifr.ch\/dit\/faq\/article\/teams-teaching\/"},"modified":"2022-12-18T20:51:53","modified_gmt":"2022-12-18T19:51:53","slug":"teams-teaching","status":"publish","type":"post","link":"https:\/\/www2.unifr.ch\/dit\/faq\/article\/teams-teaching\/?lang=de","title":{"rendered":"[E&#038;S] MS Teams: Fernstudium"},"content":{"rendered":"\r\n<blockquote class=\"wp-block-quote\">\r\n<p>Tipps f\u00fcr Organisatoren und Moderatoren, um grosse Meetings mit MS Teams erfolgreich durchzuf\u00fchren:<\/p>\r\n<cite><a href=\"https:\/\/techcommunity.microsoft.com\/t5\/microsoft-teams-blog\/best-practices-for-successful-large-meetings-in-microsoft-teams\/ba-p\/3201971\" target=\"_blank\" rel=\"noreferrer noopener\" aria-label=\"https:\/\/techcommunity.microsoft.com\/t5\/microsoft-teams-blog\/best-practices-for-successful-large-meetings-in-microsoft-teams\/ba-p\/3201971 (s\u2019ouvre dans un nouvel onglet)\">https:\/\/techcommunity.microsoft.com\/t5\/microsoft-teams-blog\/best-practices-for-successful-large-meetings-in-microsoft-teams\/ba-p\/3201971<\/a><\/cite><\/blockquote>\r\n\r\n\r\n\r\n<ol>\r\n<li><a href=\"#1\">Voraufzeichung des Kurses<\/a>\r\n<ul>\r\n<li><a href=\"#1.1\">1.1 Sie zeichnen Ihre Kommentare direkt in Powerpoint oder in einer Audio-Datei auf Ihrem Computer auf<\/a><\/li>\r\n<li><a href=\"#1.2\">1.2 Zeichen Sie in Form einer Videoaufnahme Ihren Kurs auf Ihrem Computer auf und teilen Sie ihn auf SWITCHdrive<\/a><\/li>\r\n<li><a href=\"#1.3\">1.3 Voraufzeichnung im Auditorium<\/a><\/li>\r\n<\/ul>\r\n<\/li>\r\n<li><a href=\"#2\">Live-Streaming des Kurses<\/a><\/li>\r\n<li><a href=\"#3\">Verwaltung den Aufnahmen<\/a><\/li>\r\n<li><a href=\"#4\">Breakout Rooms<\/a><\/li>\r\n<li><a href=\"#5\">Vor dem Kurs, das Mikrofon, die Kamera und der Ton \u00fcberpr\u00fcfen<\/a><\/li>\r\n<li><a href=\"#6\">Die Haupteigenschaften einer Sitzung\/Diskussion anpassen (auf Franz\u00f6sisch)<\/a><\/li>\r\n<li><a href=\"#7\">Das Whiteboard mit OpenBoard teilen<\/a><\/li>\r\n<li><a href=\"#8\">Das Whiteboard benutzen und teilen<\/a><\/li>\r\n<li><a href=\"#9\">W\u00e4hrend einer Sitzung, 49 TeilnehmerInnen am Bildschirm anzeigen<\/a><\/li>\r\n<li><a href=\"#10\">Spotlight einsetzen<\/a><\/li>\r\n<li><a href=\"#11\">&#8220;PowerPoint Live&#8221;-Option<\/a><\/li>\r\n<li><a href=\"#4\">Live Event<\/a><\/li>\r\n<li><a href=\"#13\">App \u00ab Aufgaben\/Assignments \u00bb in MS Teams nicht verf\u00fcgbar<\/a><\/li>\r\n<li><a href=\"#14\">Comodal-Kurs<\/a><\/li>\r\n<li><a href=\"#15\">Sichern einer Sitzung <\/a><\/li>\r\n<\/ol>\r\n\r\n\r\n\r\n<h2 class=\"wp-block-heading\" id=\"1\">1. Voraufzeichung des Kurses<\/h2>\r\n\r\n\r\n\r\n<p>Dozierenden, die ihre Kurse aufzeichnen m\u00f6chten, haben verschiedene M\u00f6glichkeiten, je nachdem, ob sie das Publikum der Universit\u00e4t oder ihren Computer verwenden und ob sie nur Powerpoint oder mehrere Anwendungen (z.B. PowerPoint, Websites, Dateien usw.) verwenden.<\/p>\r\n\r\n\r\n\r\n<h5 class=\"wp-block-heading\" id=\"1.1\">1.1 Sie zeichnen Ihre Kommentare direkt in Powerpoint oder in einer Audio-Datei auf Ihrem Computer auf<\/h5>\r\n\r\n\r\n\r\n<blockquote class=\"wp-block-quote\">\r\n<p><strong>Zeichnen Sie Ihre Kommentare direkt in der Powerpoint-Pr\u00e4sentation auf (Windows und Mac):<\/strong><\/p>\r\n<p>&#8211; Zeichnen Sie das Audio \u00fcber die Karteikarte &#8220;Bildschirmpr\u00e4sentation&#8221; und Druckknopf &#8220;Bildschirmpr\u00e4sentation aufzeichnen&#8221;.<\/p>\r\n<\/blockquote>\r\n\r\n\r\n\r\n<div class=\"wp-block-image\">\r\n<figure class=\"aligncenter\"><img decoding=\"async\" loading=\"lazy\" width=\"348\" height=\"158\" class=\"wp-image-8654\" src=\"https:\/\/www2.unifr.ch\/dit\/faq\/wp-content\/uploads\/2021\/05\/2021-05-19_13-37-08.jpg\" alt=\"\" srcset=\"https:\/\/www2.unifr.ch\/dit\/faq\/wp-content\/uploads\/2021\/05\/2021-05-19_13-37-08.jpg 348w, https:\/\/www2.unifr.ch\/dit\/faq\/wp-content\/uploads\/2021\/05\/2021-05-19_13-37-08-300x136.jpg 300w, https:\/\/www2.unifr.ch\/dit\/faq\/wp-content\/uploads\/2021\/05\/2021-05-19_13-37-08-60x27.jpg 60w, https:\/\/www2.unifr.ch\/dit\/faq\/wp-content\/uploads\/2021\/05\/2021-05-19_13-37-08-150x68.jpg 150w\" sizes=\"(max-width: 348px) 100vw, 348px\" \/><\/figure>\r\n<\/div>\r\n\r\n\r\n\r\n<blockquote class=\"wp-block-quote\">\r\n<p>&#8211; Sie erhalten eine .pptx-Datei mit intergrierte Audio.<\/p>\r\n<p>&#8211; Sie k\u00f6nnen die Datei direkt in Moodle (sofern sie nicht gr\u00f6sser als 50 MB ist), oder auf SWITCHdrive hochladen.<\/p>\r\n<\/blockquote>\r\n\r\n\r\n\r\n<p><br \/>&#8212;&#8212;&#8212;&#8212;&#8212;&#8212;&#8212;&#8212;&#8212;&#8212;&#8212;&#8212;&#8212;&#8212;&#8212;&#8212;&#8212;&#8212;&#8212;&#8212;&#8212;&#8212;&#8212;&#8212;&#8212;&#8212;&#8212;&#8212;&#8212;&#8211;<\/p>\r\n\r\n\r\n\r\n<blockquote class=\"wp-block-quote is\">\r\n<p>Speichern Sie Ihre Kommentare in einer Audio-Datei, verteilen Sie dann das PDF-Dokument Ihres Kurses, sowie die Audio-Datei mit Ihren Kommentare.<\/p>\r\n<p><strong>Windows<\/strong>: F\u00fchren Sie die Aufnahme Ihren Kommentare, w\u00e4hrend Sie die Pr\u00e4sentation des Kurses gleichzeitig durchspielen, mittels &#8220;Voice Recorder&#8221;.<\/p>\r\n<p>Teilen Sie die Audio-Aufnahme, sowie die PDF-Datei mit Ihren Slides, in Moodle (sofern sie nicht gr\u00f6sser als 50 MB ist), oder auf SWITCHdrive.<\/p>\r\n<cite><br \/><\/cite><\/blockquote>\r\n\r\n\r\n\r\n<div class=\"wp-block-image\">\r\n<figure class=\"aligncenter\"><img decoding=\"async\" loading=\"lazy\" width=\"107\" height=\"102\" class=\"wp-image-8658\" src=\"https:\/\/www2.unifr.ch\/dit\/faq\/wp-content\/uploads\/2021\/05\/2021-05-19_10-23-00-1.jpg\" alt=\"\" srcset=\"https:\/\/www2.unifr.ch\/dit\/faq\/wp-content\/uploads\/2021\/05\/2021-05-19_10-23-00-1.jpg 107w, https:\/\/www2.unifr.ch\/dit\/faq\/wp-content\/uploads\/2021\/05\/2021-05-19_10-23-00-1-60x57.jpg 60w\" sizes=\"(max-width: 107px) 100vw, 107px\" \/><\/figure>\r\n<\/div>\r\n\r\n\r\n\r\n<blockquote class=\"wp-block-quote\">\r\n<p><strong>Mac<\/strong>: F\u00fchren Sie die Aufnahme Ihren Kommentare, w\u00e4hrend Sie die Pr\u00e4sentation des Kurses gleichzeitig durchspielen, mittels &#8220;QuickTime Player&#8221;.<br \/><br \/>Teilen Sie die Audio-Aufnahme, sowie die PDF-Datei mit Ihren Slides, in Moodle (sofern sie nicht gr\u00f6sser als 50 MB ist), oder auf SWITCHdrive<\/p>\r\n<\/blockquote>\r\n\r\n\r\n\r\n<div class=\"wp-block-image\">\r\n<figure class=\"aligncenter\"><img decoding=\"async\" loading=\"lazy\" width=\"104\" height=\"102\" class=\"wp-image-8660\" src=\"https:\/\/www2.unifr.ch\/dit\/faq\/wp-content\/uploads\/2021\/05\/2021-05-19_10-27-37-1.jpg\" alt=\"\" srcset=\"https:\/\/www2.unifr.ch\/dit\/faq\/wp-content\/uploads\/2021\/05\/2021-05-19_10-27-37-1.jpg 104w, https:\/\/www2.unifr.ch\/dit\/faq\/wp-content\/uploads\/2021\/05\/2021-05-19_10-27-37-1-60x60.jpg 60w\" sizes=\"(max-width: 104px) 100vw, 104px\" \/><\/figure>\r\n<\/div>\r\n\r\n\r\n\r\n<p>&#8212;&#8212;&#8212;&#8212;&#8212;&#8212;&#8212;&#8212;&#8212;&#8212;&#8212;&#8212;&#8212;&#8212;&#8212;&#8212;&#8212;&#8212;&#8212;&#8212;&#8212;&#8212;&#8212;&#8212;&#8212;&#8212;&#8212;&#8212;&#8212;-<\/p>\r\n\r\n\r\n\r\n<h5 class=\"wp-block-heading\" id=\"1.2\"><strong>1.2 Zeichen Sie in Form einer Videoaufnahme Ihren Kurs auf Ihrem Computer auf und teilen Sie ihn auf SWITCHdrive<\/strong><\/h5>\r\n\r\n\r\n\r\n<p>Mehr dazu:<\/p>\r\n\r\n\r\n\r\n<ul>\r\n<li>Video-Aufnahme auf Mac: Vorgehen mit <strong>Quicktime-Player<\/strong><br \/>\r\n<ul>\r\n<li><a href=\"https:\/\/www.unifr.ch\/it\/de\/assets\/public\/documents\/EnseignementApprentissage\/EnregistrementCoursMacQuickTimePlayer_de.pdf\">Pdf<\/a><\/li>\r\n<li><strong>Video (<\/strong>auf Franz\u00f6sisch<strong>)<\/strong><br \/><a href=\"https:\/\/www.unifr.ch\/it\/de\/assets\/public\/documents\/EnseignementApprentissage\/EnregistrementQuickTimePlayerMac.mp4\">Aufzeichnen Ihres Kurses<\/a><\/li>\r\n<\/ul>\r\n<\/li>\r\n<li>Video-Aufnahme auf Windows: Vorgehen mit <strong>PowerPoint<\/strong>\u00a0\r\n<ul>\r\n<li><a href=\"https:\/\/www.unifr.ch\/it\/de\/assets\/public\/documents\/EnseignementApprentissage\/EnregistrementCoursPCPowerPoint_Tutoriel_de.pdf\">Pdf<\/a>\u00a0<\/li>\r\n<li><strong>Video (<\/strong>auf Franz\u00f6sisch<strong>)<\/strong><br \/><a href=\"https:\/\/www.unifr.ch\/it\/de\/assets\/public\/documents\/EnseignementApprentissage\/EnregistrerCoursPC.mp4\">Aufzeichnen Ihres Kurses<\/a><\/li>\r\n<\/ul>\r\n<\/li>\r\n<li>Freigabe auf SWITCHdrive:\r\n<ul>\r\n<li>Mac:\r\n<ul>\r\n<li><a href=\"https:\/\/www.unifr.ch\/it\/de\/assets\/public\/documents\/EnseignementApprentissage\/PartagerVideoWebMac.mp4\">Web<\/a><\/li>\r\n<li><a href=\"https:\/\/www.unifr.ch\/it\/de\/assets\/public\/documents\/EnseignementApprentissage\/PartagerVideoApplicationMac.mp4\">Mit der Applikation<\/a><\/li>\r\n<\/ul>\r\n<\/li>\r\n<li>Windows:\r\n<ul>\r\n<li><a href=\"https:\/\/www.unifr.ch\/it\/de\/assets\/public\/documents\/EnseignementApprentissage\/PartagerVideoWeb.mp4\">Web<\/a><\/li>\r\n<li><a href=\"https:\/\/www.unifr.ch\/it\/de\/assets\/public\/documents\/EnseignementApprentissage\/PartagerVideoApplication.mp4\">Mit der Applikation<\/a>\u00a0<\/li>\r\n<\/ul>\r\n<\/li>\r\n<\/ul>\r\n<\/li>\r\n<\/ul>\r\n\r\n\r\n\r\n<p>&#8212;&#8212;&#8212;&#8212;&#8212;&#8212;&#8212;&#8212;&#8212;&#8212;&#8212;&#8212;&#8212;&#8212;&#8212;&#8212;&#8212;&#8212;&#8212;&#8212;&#8212;&#8212;&#8212;&#8212;&#8212;&#8212;&#8212;&#8212;&#8212;-<\/p>\r\n\r\n\r\n\r\n<h5 class=\"wp-block-heading\" id=\"1.3\"><strong>1.3 Voraufzeichnung im Auditorium<\/strong><\/h5>\r\n\r\n\r\n\r\n<p>Die Hauptauditorien an den Standorten Mis\u00e9ricorde und P\u00e9rolles sind mit einem Computer und einer Kamera ausgestattet. Die Aufzeichnung eines Kurses erfolgt mit <a href=\"https:\/\/www.unifr.ch\/it\/de\/ms-teams.html\">MS-Teams<\/a>. Nachdem die Aufzeichnung abgeschlossen ist, generiert MS Teams ein Video. Dies ist der Link zu diesem Video, den Sie \u00fcber Moodle mit Ihren Studierenden teilen k\u00f6nnen.<\/p>\r\n\r\n\r\n\r\n<p>&nbsp;<\/p>\r\n\r\n\r\n\r\n<h2 class=\"wp-block-heading\" id=\"2\">2. Live-Streaming des Kurses<\/h2>\r\n\r\n\r\n\r\n<p>Die Bereitstellung einiger neuer Funktionen durch Microsoft ist nicht einheitlich f\u00fcr alle Betriebssysteme und Maschinen. Weitere Informationen:<br \/><a href=\"https:\/\/techcommunity.microsoft.com\/t5\/microsoft-teams-blog\/microsoft-teams-release-processes-why-do-i-not-see-a-feature-but\/ba-p\/2110426\">Microsoft Teams Release Processes &#8211; Why do I not see a feature but my colleague does? <\/a><\/p>\r\n\r\n\r\n\r\n<p>Ausserdem werden von Microsoft regelm\u00e4ssig neue Funktionen aktiviert. Wir empfehlen Ihnen, diese Seite regelm\u00e4ssig zu \u00fcberpr\u00fcfen und Ihres <a href=\"https:\/\/www2.unifr.ch\/dit\/faq\/article\/teams-generalities\/?lang=de\">Programm MS Teams zu updaten.<\/a><\/p>\r\n\r\n\r\n\r\n<h4 class=\"wp-block-heading\">Vor dem Unterricht<\/h4>\r\n\r\n\r\n\r\n<p>Erstellen Sie eine Sitzung im MS-Team-Kalender und geben Sie den Link \u00fcber Moodle an Ihre Studierenden weiter<\/p>\r\n<p><br \/><iframe loading=\"lazy\" src=\"https:\/\/tube.switch.ch\/embed\/a8937dc0\" width=\"640\" height=\"360\" frameborder=\"0\" allowfullscreen=\"allowfullscreen\"><\/iframe><\/p>\r\n\r\n\r\n\r\n<h4 class=\"wp-block-heading\">Zur Zeit des Kurses<\/h4>\r\n\r\n\r\n\r\n<p>a) Klicken Sie auf den Link der Sitzung in Moodle und stimmen Sie zu, MS-Teams in dem erscheinenden Dialog zu starten.<\/p>\r\n\r\n\r\n\r\n<figure class=\"wp-block-image\"><img decoding=\"async\" loading=\"lazy\" width=\"600\" height=\"173\" class=\"wp-image-8403\" src=\"https:\/\/www2.unifr.ch\/dit\/faq\/wp-content\/uploads\/2021\/04\/image-16-600x173.png\" alt=\"\" srcset=\"https:\/\/www2.unifr.ch\/dit\/faq\/wp-content\/uploads\/2021\/04\/image-16-600x173.png 600w, https:\/\/www2.unifr.ch\/dit\/faq\/wp-content\/uploads\/2021\/04\/image-16-300x86.png 300w, https:\/\/www2.unifr.ch\/dit\/faq\/wp-content\/uploads\/2021\/04\/image-16-768x221.png 768w, https:\/\/www2.unifr.ch\/dit\/faq\/wp-content\/uploads\/2021\/04\/image-16-60x17.png 60w, https:\/\/www2.unifr.ch\/dit\/faq\/wp-content\/uploads\/2021\/04\/image-16-150x43.png 150w, https:\/\/www2.unifr.ch\/dit\/faq\/wp-content\/uploads\/2021\/04\/image-16.png 800w\" sizes=\"(max-width: 600px) 100vw, 600px\" \/><\/figure>\r\n\r\n\r\n\r\n<p>b) Klicken Sie in MS-Teams auf &#8220;Jetzt teilnehmen&#8221;<\/p>\r\n\r\n\r\n\r\n<figure class=\"wp-block-image is-resized\"><img decoding=\"async\" loading=\"lazy\" class=\"wp-image-8406\" src=\"https:\/\/www2.unifr.ch\/dit\/faq\/wp-content\/uploads\/2021\/04\/image-17-600x567.png\" alt=\"\" width=\"300\" height=\"284\" srcset=\"https:\/\/www2.unifr.ch\/dit\/faq\/wp-content\/uploads\/2021\/04\/image-17-600x567.png 600w, https:\/\/www2.unifr.ch\/dit\/faq\/wp-content\/uploads\/2021\/04\/image-17-300x283.png 300w, https:\/\/www2.unifr.ch\/dit\/faq\/wp-content\/uploads\/2021\/04\/image-17-60x57.png 60w, https:\/\/www2.unifr.ch\/dit\/faq\/wp-content\/uploads\/2021\/04\/image-17-150x142.png 150w, https:\/\/www2.unifr.ch\/dit\/faq\/wp-content\/uploads\/2021\/04\/image-17.png 668w\" sizes=\"(max-width: 300px) 100vw, 300px\" \/><\/figure>\r\n\r\n\r\n\r\n<p>c) Schalten Sie die Mikrofone der TeilnehmerInnen stumm<\/p>\r\n\r\n\r\n\r\n<p><iframe loading=\"lazy\" title=\"YouTube video player\" src=\"https:\/\/www.youtube.com\/embed\/f-LVDURpMR0\" width=\"640\" height=\"360\" frameborder=\"0\" allowfullscreen=\"allowfullscreen\"><\/iframe><\/p>\r\n\r\n\r\n\r\n<p>d) Bitten Sie die TeilnehmerInnen, ihre Kamera auszuschalten<\/p>\r\n\r\n\r\n\r\n<figure class=\"wp-block-image is-resized\"><img decoding=\"async\" loading=\"lazy\" class=\"wp-image-8389\" src=\"https:\/\/www2.unifr.ch\/dit\/faq\/wp-content\/uploads\/2021\/04\/image-14.png\" alt=\"\" width=\"320\" height=\"88\" srcset=\"https:\/\/www2.unifr.ch\/dit\/faq\/wp-content\/uploads\/2021\/04\/image-14.png 427w, https:\/\/www2.unifr.ch\/dit\/faq\/wp-content\/uploads\/2021\/04\/image-14-300x82.png 300w, https:\/\/www2.unifr.ch\/dit\/faq\/wp-content\/uploads\/2021\/04\/image-14-60x16.png 60w, https:\/\/www2.unifr.ch\/dit\/faq\/wp-content\/uploads\/2021\/04\/image-14-150x41.png 150w\" sizes=\"(max-width: 320px) 100vw, 320px\" \/><\/figure>\r\n\r\n\r\n\r\n<p>e) Optional: Start und Stopp der Aufzeichnung<\/p>\r\n\r\n\r\n\r\n<p><iframe loading=\"lazy\" title=\"YouTube video player\" src=\"https:\/\/www.youtube.com\/embed\/SMSVvOBe4Vo\" width=\"640\" height=\"360\" frameborder=\"0\" allowfullscreen=\"allowfullscreen\"><\/iframe><\/p>\r\n\r\n\r\n\r\n<p>f) Geben Sie Ihre Vorlesung, mit m\u00f6glicher Bildschirmfreigabe zum Beispiel zur Anzeige einer Powerpoint-Pr\u00e4sentation oder einer Website<\/p>\r\n\r\n\r\n\r\n<p><iframe loading=\"lazy\" title=\"YouTube video player\" src=\"https:\/\/www.youtube.com\/embed\/VJV6g9RADU8\" width=\"640\" height=\"360\" frameborder=\"0\" allowfullscreen=\"allowfullscreen\"><\/iframe><\/p>\r\n\r\n\r\n\r\n<p>g) Wenn Sie OpenBoard verwenden m\u00f6chten<\/p>\r\n<p><br \/><iframe loading=\"lazy\" src=\"https:\/\/tube.switch.ch\/embed\/42ddf2d0\" width=\"640\" height=\"360\" frameborder=\"0\" allowfullscreen=\"allowfullscreen\"><\/iframe><\/p>\r\n\r\n\r\n\r\n<p>h) Beenden Sie die Sitzung in MS-Teams<\/p>\r\n\r\n\r\n\r\n<figure class=\"wp-block-image is-resized\"><img decoding=\"async\" loading=\"lazy\" class=\"wp-image-8414\" src=\"https:\/\/www2.unifr.ch\/dit\/faq\/wp-content\/uploads\/2021\/04\/image-18.png\" alt=\"\" width=\"338\" height=\"86\" srcset=\"https:\/\/www2.unifr.ch\/dit\/faq\/wp-content\/uploads\/2021\/04\/image-18.png 450w, https:\/\/www2.unifr.ch\/dit\/faq\/wp-content\/uploads\/2021\/04\/image-18-300x77.png 300w, https:\/\/www2.unifr.ch\/dit\/faq\/wp-content\/uploads\/2021\/04\/image-18-60x15.png 60w, https:\/\/www2.unifr.ch\/dit\/faq\/wp-content\/uploads\/2021\/04\/image-18-150x38.png 150w\" sizes=\"(max-width: 338px) 100vw, 338px\" \/><\/figure>\r\n\r\n\r\n\r\n<h2 class=\"wp-block-heading\" id=\"3\">3. Verwaltung den Aufnahmen<\/h2>\r\n\r\n\r\n\r\n<p>Wenn Sie den Kurs aufgezeichnet haben, k\u00f6nnen Sie ihn mit Ihren Studierenden teilen. Achtung, der Vorgang ist nicht der gleiche f\u00fcr die <br \/>Lehrbeauftragte als f\u00fcr die anderen Mitgliedern des Personals der Universit\u00e4t Freiburg.<\/p>\r\n\r\n\r\n\r\n<p>Laut den Microsofts Entscheidungen, sind die neuen Aufnahmen ab Januar 2021 in <strong>OneDrive <\/strong>und nicht mehr in Stream zu finden.<\/p>\r\n\r\n\r\n\r\n<div class=\"wp-block-image\">\r\n<figure class=\"aligncenter is-resized\"><img decoding=\"async\" loading=\"lazy\" class=\"wp-image-8296\" src=\"https:\/\/www2.unifr.ch\/dit\/faq\/wp-content\/uploads\/2021\/04\/image-4.png\" alt=\"\" width=\"54\" height=\"45\" srcset=\"https:\/\/www2.unifr.ch\/dit\/faq\/wp-content\/uploads\/2021\/04\/image-4.png 107w, https:\/\/www2.unifr.ch\/dit\/faq\/wp-content\/uploads\/2021\/04\/image-4-60x50.png 60w\" sizes=\"(max-width: 54px) 100vw, 54px\" \/><\/figure>\r\n<\/div>\r\n\r\n\r\n\r\n<p>Dies erleichtert die Verwaltung von Berechtigungen (das Video ist jetzt standardm\u00e4\u00dfig nur f\u00fcr diejenigen zug\u00e4nglich, die den Link haben) und vereinfacht die Arbeitsumgebung des Benutzers.<\/p>\r\n\r\n\r\n\r\n<p>NB: alte Aufnahmen (vor Januar 2021) sind noch in Stream verf\u00fcgbar.<\/p>\r\n\r\n\r\n\r\n<p>&nbsp;<\/p>\r\n\r\n\r\n\r\n<h4 class=\"wp-block-heading\">Lehrbeauftragte\u00b7r<\/h4>\r\n\r\n\r\n\r\n<p>Wenn Sie Lehrbeauftragte\u00b7r sind, laden Sie zuerst die Aufzeichnung (Video) aus dem Kurs-&#8220;Chat&#8221; herunter (die Aufzeichnung steht dort 21 Tage lang zur Verf\u00fcgung). Dann laden Sie die Aufzeichnung (Video) auf Ihrem OneDrive hoch, um sie zu teilen.<br \/><a href=\"https:\/\/www.unifr.ch\/it\/de\/assets\/public\/documents\/EnseignementApprentissage\/OneDrive_CC_DE.pdf\" target=\"_blank\" rel=\"noreferrer noopener\" aria-label=\"Beschreibung des Vorgangs [PDF] (s\u2019ouvre dans un nouvel onglet)\">Beschreibung des Vorgangs [PDF]<\/a><\/p>\r\n\r\n\r\n\r\n<h4 class=\"wp-block-heading\">F\u00fcr die anderen Mitgliedern des Personals der Universit\u00e4t Freiburg.<\/h4>\r\n\r\n\r\n\r\n<p>Mitglieder des Personals, ausser Lehrbeauftragte, die Aufnahme (Video) einer Sitzung oder eines Kurses auf OneDrive freigeben<\/p>\r\n<p><br \/><iframe loading=\"lazy\" src=\"https:\/\/tube.switch.ch\/embed\/59009d2b\" width=\"640\" height=\"360\" frameborder=\"0\" allowfullscreen=\"allowfullscreen\"><\/iframe><\/p>\r\n\r\n\r\n\r\n<p>Mitglieder des Personals, ausser Lehrbeauftragte, wie finde ich die Aufnahmen in meinem Teambereich<\/p>\r\n<p><br \/><iframe loading=\"lazy\" src=\"https:\/\/tube.switch.ch\/embed\/f249be7d\" width=\"640\" height=\"360\" frameborder=\"0\" allowfullscreen=\"allowfullscreen\"><\/iframe><\/p>\r\n\r\n\r\n\r\n<h2 class=\"wp-block-heading\" id=\"4\">4. Breakout Rooms<\/h2>\r\n\r\n\r\n\r\n<p>Um \u00fcber die &#8220;Breakout Rooms&#8221; zu verf\u00fcgen, muss die Option &#8220;Teams als Chat-App f\u00fcr Office registrieren (erfordert einen Neustart der Office-Anwendungen&#8221; in der Sektion &#8220;Allgemein&#8221; den &#8220;Einstellungen&#8221;, zuerst aktiviert werden.<\/p>\r\n\r\n\r\n\r\n<figure class=\"wp-block-image is-resized\"><img decoding=\"async\" loading=\"lazy\" class=\"wp-image-8430\" src=\"https:\/\/www2.unifr.ch\/dit\/faq\/wp-content\/uploads\/2021\/04\/image-19.png\" alt=\"\" width=\"217\" height=\"133\" srcset=\"https:\/\/www2.unifr.ch\/dit\/faq\/wp-content\/uploads\/2021\/04\/image-19.png 433w, https:\/\/www2.unifr.ch\/dit\/faq\/wp-content\/uploads\/2021\/04\/image-19-300x184.png 300w, https:\/\/www2.unifr.ch\/dit\/faq\/wp-content\/uploads\/2021\/04\/image-19-60x37.png 60w, https:\/\/www2.unifr.ch\/dit\/faq\/wp-content\/uploads\/2021\/04\/image-19-150x92.png 150w\" sizes=\"(max-width: 217px) 100vw, 217px\" \/><\/figure>\r\n\r\n\r\n\r\n<figure class=\"wp-block-image\"><img decoding=\"async\" loading=\"lazy\" width=\"600\" height=\"324\" class=\"wp-image-8432\" src=\"https:\/\/www2.unifr.ch\/dit\/faq\/wp-content\/uploads\/2021\/04\/image-20-600x324.png\" alt=\"\" srcset=\"https:\/\/www2.unifr.ch\/dit\/faq\/wp-content\/uploads\/2021\/04\/image-20-600x324.png 600w, https:\/\/www2.unifr.ch\/dit\/faq\/wp-content\/uploads\/2021\/04\/image-20-300x162.png 300w, https:\/\/www2.unifr.ch\/dit\/faq\/wp-content\/uploads\/2021\/04\/image-20-768x414.png 768w, https:\/\/www2.unifr.ch\/dit\/faq\/wp-content\/uploads\/2021\/04\/image-20-60x32.png 60w, https:\/\/www2.unifr.ch\/dit\/faq\/wp-content\/uploads\/2021\/04\/image-20-150x81.png 150w, https:\/\/www2.unifr.ch\/dit\/faq\/wp-content\/uploads\/2021\/04\/image-20.png 782w\" sizes=\"(max-width: 600px) 100vw, 600px\" \/><\/figure>\r\n\r\n\r\n\r\n<p>&nbsp;<\/p>\r\n\r\n\r\n\r\n<p>Diese kurze englische Aufnahme (Video) gibt einen Ueberblick den Breakout Rooms in MS Teams verwenden kann (1:15 Min.)<\/p>\r\n<p><br \/><iframe loading=\"lazy\" src=\"https:\/\/www.microsoft.com\/en-us\/videoplayer\/embed\/RE4JVgf\" width=\"640\" height=\"360\" frameborder=\"0\" allowfullscreen=\"allowfullscreen\"><\/iframe><\/p>\r\n\r\n\r\n\r\n<p>Fortgeschrittene Informationen \u00fcber die verschiedenen Funktionen den Breakout Rooms entdecken Sie in dieser englische Aufname (Video) (05:04 min.)<\/p>\r\n\r\n\r\n\r\n<p><iframe loading=\"lazy\" title=\"YouTube video player\" src=\"https:\/\/www.youtube.com\/embed\/Nq2pbPtMZGk\" width=\"640\" height=\"360\" frameborder=\"0\" allowfullscreen=\"allowfullscreen\"><\/iframe><\/p>\r\n\r\n\r\n\r\n<p>&nbsp;<\/p>\r\n\r\n\r\n\r\n<h2 class=\"wp-block-heading\" id=\"5\">5. Vor dem Kurs, das Mikrofon, die Kamera und der Ton \u00fcberpr\u00fcfen<\/h2>\r\n\r\n\r\n\r\n<p><a href=\"https:\/\/www2.unifr.ch\/dit\/faq\/article\/teams-generalities\/?lang=de\">Siehe Artikel<\/a><\/p>\r\n\r\n\r\n\r\n<h2 class=\"wp-block-heading\" id=\"6\">6. Die Haupteigenschaften einer Sitzung\/Diskussion anpassen<\/h2>\r\n\r\n\r\n\r\n<p>Eine Sitzung starten und die wichtigsten Einstellungen \u00e4ndern :<\/p>\r\n<ol>\r\n<li>Gehen Sie auf der linken Seite von Teams zu <strong>Kalender<\/strong> und w\u00e4hlen Sie in der oberen rechten Ecke <strong>Jetzt konferieren<\/strong>.<\/li>\r\n<li>Sie haben die M\u00f6glichkeit, einige Dinge zu konfigurieren, bevor Sie Ihre Besprechung starten. Geben Sie ihr einen Titel, legen Sie fest, ob Sie Video verwenden m\u00f6chten, und w\u00e4hlen Sie dann Ihre bevorzugte Audioquelle aus.<\/li>\r\n<li>Wenn Sie bereit sind, tippen Sie auf <strong>Jetzt beitreten<\/strong>.<\/li>\r\n<\/ol>\r\n<p>Ihr Meeting ist nun einsatzbereit und Sie brauchen nur noch Leute, die sich anschlie\u00dfen.<\/p>\r\n<p>Um Personen einzuladen :<\/p>\r\n<ol>\r\n<li>Beginnen Sie, den Namen oder die Telefonnummer einer Person, die Sie einladen m\u00f6chten, in das Feld unter <strong>Personen<\/strong> in der oberen rechten Ecke einzutippen. W\u00e4hlen Sie sie aus, wenn sie in der Liste erscheinen und sofort einen Anruf erhalten.<\/li>\r\n<li>Eine weitere M\u00f6glichkeit besteht darin, den Link zur Besprechung zu kopieren und an alle Personen zu senden, mit denen Sie sich treffen und an der Besprechung teilnehmen m\u00f6chten, indem Sie ihn ausw\u00e4hlen. W\u00e4hlen Sie einfach <strong>Verbindungsinformationen kopieren<\/strong> und f\u00fcgen Sie den Link in eine Nachricht ein.<\/li>\r\n<\/ol>\r\n<p><iframe loading=\"lazy\" src=\"https:\/\/www.microsoft.com\/fr-fr\/videoplayer\/embed\/RWR7ta?pid=ocpVideo1-innerdiv-oneplayer&amp;maskLevel=20&amp;market=fr-fr\" width=\"640\" height=\"360\" frameborder=\"0\" allowfullscreen=\"allowfullscreen\"><\/iframe><\/p>\r\n<p>Ger\u00e4teeinstellungen :<\/p>\r\n<p>W\u00e4hlen Sie <strong>Andere<\/strong>, um die verschiedenen Einstellungen anzupassen. Diese erm\u00f6glichen es Ihnen, das gew\u00fcnschte Audioger\u00e4t f\u00fcr Lautsprecher und Mikrofon (vom Computer oder Kopfh\u00f6rer, andere) sowie die Videoeinstellungen zu w\u00e4hlen.<\/p>\r\n<p><img decoding=\"async\" loading=\"lazy\" class=\"alignnone wp-image-10534 size-medium\" src=\"https:\/\/www2.unifr.ch\/dit\/faq\/wp-content\/uploads\/2022\/12\/img_639f5c9968556-275x300.png\" alt=\"\" width=\"275\" height=\"300\" srcset=\"https:\/\/www2.unifr.ch\/dit\/faq\/wp-content\/uploads\/2022\/12\/img_639f5c9968556-275x300.png 275w, https:\/\/www2.unifr.ch\/dit\/faq\/wp-content\/uploads\/2022\/12\/img_639f5c9968556-549x600.png 549w, https:\/\/www2.unifr.ch\/dit\/faq\/wp-content\/uploads\/2022\/12\/img_639f5c9968556-768x839.png 768w, https:\/\/www2.unifr.ch\/dit\/faq\/wp-content\/uploads\/2022\/12\/img_639f5c9968556-55x60.png 55w, https:\/\/www2.unifr.ch\/dit\/faq\/wp-content\/uploads\/2022\/12\/img_639f5c9968556-137x150.png 137w, https:\/\/www2.unifr.ch\/dit\/faq\/wp-content\/uploads\/2022\/12\/img_639f5c9968556.png 826w\" sizes=\"(max-width: 275px) 100vw, 275px\" \/><\/p>\r\n\r\n\r\n\r\n<h2 class=\"wp-block-heading\" id=\"7\">7. Das Whiteboard mit OpenBoard teilen<\/h2>\r\n\r\n\r\n\r\n<p>Das Whiteboard mit OpenBoard (Uniboard) teilen<\/p>\r\n<p><br \/><iframe loading=\"lazy\" src=\"https:\/\/tube.switch.ch\/embed\/42ddf2d0\" width=\"640\" height=\"360\" frameborder=\"0\" allowfullscreen=\"allowfullscreen\"><\/iframe><\/p>\r\n\r\n<p>&nbsp;<\/p>\r\n\r\n<h2 class=\"wp-block-heading\" id=\"8\">8. Das Witheboard benutzen und teilen<\/h2>\r\n\r\n\r\n\r\n<p><strong>Teilen:<\/strong><\/p>\r\n<p>Sie k\u00f6nnen ein neues\/vorhandenes Whiteboard f\u00fcr alle Teilnehmer einer Teams-Besprechung freigeben. Dasselbe Whiteboard ist auf allen Ger\u00e4ten verf\u00fcgbar. <\/p>\r\n<p>Sie k\u00f6nnen auch ein bestehendes Whiteboard ausw\u00e4hlen, das in einer Teams-Besprechung geteilt werden soll. So k\u00f6nnen Sie auf einfache Weise ein Whiteboard im Voraus vorbereiten oder au\u00dferhalb von Teams weiter an einem Projekt arbeiten.<\/p>\r\n<p>So geben Sie ein Whiteboard in einer Teams-Besprechung frei :<\/p>\r\n<ol>\r\n<li>W\u00e4hlen Sie das Symbol <strong>Teilen<\/strong> in der Statusleiste der Meeting-Freigaben.\r\n<p id=\"NsMFRWn\"><img decoding=\"async\" loading=\"lazy\" class=\"alignnone wp-image-10556 size-large\" src=\"https:\/\/www2.unifr.ch\/dit\/faq\/wp-content\/uploads\/2022\/12\/img_639f67a17212d-600x377.png\" alt=\"\" width=\"600\" height=\"377\" srcset=\"https:\/\/www2.unifr.ch\/dit\/faq\/wp-content\/uploads\/2022\/12\/img_639f67a17212d-600x377.png 600w, https:\/\/www2.unifr.ch\/dit\/faq\/wp-content\/uploads\/2022\/12\/img_639f67a17212d-300x188.png 300w, https:\/\/www2.unifr.ch\/dit\/faq\/wp-content\/uploads\/2022\/12\/img_639f67a17212d-768x482.png 768w, https:\/\/www2.unifr.ch\/dit\/faq\/wp-content\/uploads\/2022\/12\/img_639f67a17212d-60x38.png 60w, https:\/\/www2.unifr.ch\/dit\/faq\/wp-content\/uploads\/2022\/12\/img_639f67a17212d-150x94.png 150w, https:\/\/www2.unifr.ch\/dit\/faq\/wp-content\/uploads\/2022\/12\/img_639f67a17212d.png 1172w\" sizes=\"(max-width: 600px) 100vw, 600px\" \/><\/p>\r\n<\/li>\r\n<li>W\u00e4hlen Sie Microsoft Whiteboard.\r\n<p id=\"mYEHCQR\"><img decoding=\"async\" loading=\"lazy\" class=\"alignnone wp-image-10558 size-large\" src=\"https:\/\/www2.unifr.ch\/dit\/faq\/wp-content\/uploads\/2022\/12\/img_639f67d292167-600x374.png\" alt=\"\" width=\"600\" height=\"374\" srcset=\"https:\/\/www2.unifr.ch\/dit\/faq\/wp-content\/uploads\/2022\/12\/img_639f67d292167-600x374.png 600w, https:\/\/www2.unifr.ch\/dit\/faq\/wp-content\/uploads\/2022\/12\/img_639f67d292167-300x187.png 300w, https:\/\/www2.unifr.ch\/dit\/faq\/wp-content\/uploads\/2022\/12\/img_639f67d292167-768x479.png 768w, https:\/\/www2.unifr.ch\/dit\/faq\/wp-content\/uploads\/2022\/12\/img_639f67d292167-60x37.png 60w, https:\/\/www2.unifr.ch\/dit\/faq\/wp-content\/uploads\/2022\/12\/img_639f67d292167-150x93.png 150w, https:\/\/www2.unifr.ch\/dit\/faq\/wp-content\/uploads\/2022\/12\/img_639f67d292167.png 1184w\" sizes=\"(max-width: 600px) 100vw, 600px\" \/><\/p>\r\n<\/li>\r\n<li>Die Anzeige des Kartenw\u00e4hlers wird ge\u00f6ffnet. W\u00e4hlen Sie eine vorhandene Tabelle aus der Liste aus oder starten Sie eine neue Tabelle.<\/li>\r\n<\/ol>\r\n<p>Wenn der Konferenz bereits ein Whiteboard zugeordnet ist, gibt Teams dieses Whiteboard standardm\u00e4\u00dfig frei. Sie k\u00f6nnen ein anderes Whiteboard zur Freigabe ausw\u00e4hlen, indem Sie auf das Start-Symbol in der oberen linken Ecke zugreifen.<\/p>\r\n<p><strong>Verwenden:<\/strong><\/p>\r\n<p>Nachdem Sie ein Whiteboard in einer Microsoft Teams-Besprechung freigegeben haben, k\u00f6nnen Sie die gleichen Whiteboard-Funktionen verwenden, die auch in der Windows- und Webversion verf\u00fcgbar sind.<\/p>\r\n<p>W\u00e4hlen Sie die Schaltfl\u00e4che <strong>Erstellen <\/strong>in der Symbolleiste und w\u00e4hlen Sie dann <strong>Text hinzuf\u00fcgen<\/strong>.<\/p>\r\n<p id=\"ntvRrzM\"><img decoding=\"async\" loading=\"lazy\" class=\"alignnone wp-image-10560 size-medium\" src=\"https:\/\/www2.unifr.ch\/dit\/faq\/wp-content\/uploads\/2022\/12\/img_639f688331c42-300x182.png\" alt=\"\" width=\"300\" height=\"182\" srcset=\"https:\/\/www2.unifr.ch\/dit\/faq\/wp-content\/uploads\/2022\/12\/img_639f688331c42-300x182.png 300w, https:\/\/www2.unifr.ch\/dit\/faq\/wp-content\/uploads\/2022\/12\/img_639f688331c42-600x365.png 600w, https:\/\/www2.unifr.ch\/dit\/faq\/wp-content\/uploads\/2022\/12\/img_639f688331c42-60x36.png 60w, https:\/\/www2.unifr.ch\/dit\/faq\/wp-content\/uploads\/2022\/12\/img_639f688331c42-150x91.png 150w, https:\/\/www2.unifr.ch\/dit\/faq\/wp-content\/uploads\/2022\/12\/img_639f688331c42.png 744w\" sizes=\"(max-width: 300px) 100vw, 300px\" \/><\/p>\r\n<p>Markieren Sie das Textfeld und w\u00e4hlen Sie dann die Schaltfl\u00e4che <strong>Text<\/strong> <strong>bearbeiten<\/strong> (<strong>Bleistift<\/strong>), <em>bearbeiten, Farbe, l\u00f6schen, kopieren, Ersatztext bearbeiten<\/em>.<\/p>\r\n<p id=\"hhdUpLe\"><img decoding=\"async\" loading=\"lazy\" class=\"alignnone wp-image-10562 size-medium\" src=\"https:\/\/www2.unifr.ch\/dit\/faq\/wp-content\/uploads\/2022\/12\/img_639f695d6eeab-300x226.png\" alt=\"\" width=\"300\" height=\"226\" srcset=\"https:\/\/www2.unifr.ch\/dit\/faq\/wp-content\/uploads\/2022\/12\/img_639f695d6eeab-300x226.png 300w, https:\/\/www2.unifr.ch\/dit\/faq\/wp-content\/uploads\/2022\/12\/img_639f695d6eeab-600x452.png 600w, https:\/\/www2.unifr.ch\/dit\/faq\/wp-content\/uploads\/2022\/12\/img_639f695d6eeab-60x45.png 60w, https:\/\/www2.unifr.ch\/dit\/faq\/wp-content\/uploads\/2022\/12\/img_639f695d6eeab-150x113.png 150w, https:\/\/www2.unifr.ch\/dit\/faq\/wp-content\/uploads\/2022\/12\/img_639f695d6eeab.png 748w\" sizes=\"(max-width: 300px) 100vw, 300px\" \/><\/p>\r\n<p>Digitale Tinte ist verf\u00fcgbar, unabh\u00e4ngig davon, ob Sie eine Maus, einen Stift oder einen Finger verwenden.<\/p>\r\n<ul>\r\n<li>W\u00e4hlen Sie Handschrifteingabe (<strong>Stiftsymbol<\/strong>) aus dem Men\u00fc auf der linken Seite oder dr\u00fccken Sie Alt + W.<\/li>\r\n<li>W\u00e4hlen Sie das Radiergummi-Werkzeug oder dr\u00fccken Sie Alt + X, um die handschriftliche Eingabe zu l\u00f6schen.<\/li>\r\n<li>Wenn Sie einen aktiven Stift haben, k\u00f6nnen Sie das Radiergummi auf dem Stift zum Radieren verwenden.<\/li>\r\n<\/ul>\r\n<p id=\"BqatiGG\"><img decoding=\"async\" loading=\"lazy\" class=\"alignnone wp-image-10564 size-medium\" src=\"https:\/\/www2.unifr.ch\/dit\/faq\/wp-content\/uploads\/2022\/12\/img_639f6a162db42-300x146.png\" alt=\"\" width=\"300\" height=\"146\" srcset=\"https:\/\/www2.unifr.ch\/dit\/faq\/wp-content\/uploads\/2022\/12\/img_639f6a162db42-300x146.png 300w, https:\/\/www2.unifr.ch\/dit\/faq\/wp-content\/uploads\/2022\/12\/img_639f6a162db42-600x293.png 600w, https:\/\/www2.unifr.ch\/dit\/faq\/wp-content\/uploads\/2022\/12\/img_639f6a162db42-60x29.png 60w, https:\/\/www2.unifr.ch\/dit\/faq\/wp-content\/uploads\/2022\/12\/img_639f6a162db42-150x73.png 150w, https:\/\/www2.unifr.ch\/dit\/faq\/wp-content\/uploads\/2022\/12\/img_639f6a162db42.png 766w\" sizes=\"(max-width: 300px) 100vw, 300px\" \/><\/p>\r\n<p>Was Sie auf dem Whiteboard tun, wird nicht gespeichert. Um Ihr Whiteboard zu speichern, w\u00e4hlen Sie das Symbol <strong>Einstellungen<\/strong>, <strong>Bild exportieren<\/strong> und dann <strong>Exportieren<\/strong>.<\/p>\r\n<p id=\"xIrZsqr\"><img decoding=\"async\" loading=\"lazy\" class=\"alignnone wp-image-10566 size-large\" src=\"https:\/\/www2.unifr.ch\/dit\/faq\/wp-content\/uploads\/2022\/12\/img_639f6a8586fc9-600x282.png\" alt=\"\" width=\"600\" height=\"282\" srcset=\"https:\/\/www2.unifr.ch\/dit\/faq\/wp-content\/uploads\/2022\/12\/img_639f6a8586fc9-600x282.png 600w, https:\/\/www2.unifr.ch\/dit\/faq\/wp-content\/uploads\/2022\/12\/img_639f6a8586fc9-300x141.png 300w, https:\/\/www2.unifr.ch\/dit\/faq\/wp-content\/uploads\/2022\/12\/img_639f6a8586fc9-768x361.png 768w, https:\/\/www2.unifr.ch\/dit\/faq\/wp-content\/uploads\/2022\/12\/img_639f6a8586fc9-60x28.png 60w, https:\/\/www2.unifr.ch\/dit\/faq\/wp-content\/uploads\/2022\/12\/img_639f6a8586fc9-150x71.png 150w, https:\/\/www2.unifr.ch\/dit\/faq\/wp-content\/uploads\/2022\/12\/img_639f6a8586fc9.png 1224w\" sizes=\"(max-width: 600px) 100vw, 600px\" \/><\/p>\r\n<p>Weitere Details zu den Funktionen des Whiteboards :<\/p>\r\n<p><a href=\"https:\/\/support.microsoft.com\/de-de\/office\/verwenden-von-whiteboard-in-einer-teams-besprechung-26f87802-b37f-4af0-806d-af79fbfb8ae6\">Verwenden von Whiteboard in einer Teams-Besprechung &#8211; Microsoft-Support\u00a0<\/a><\/p>\r\n\r\n\r\n\r\n<h2 class=\"wp-block-heading\" id=\"9\">9. W\u00e4hrend einer Sitzung, 49 TeilnehmerInnen am Bildschirm anzeigen<\/h2>\r\n\r\n\r\n\r\n<p><a href=\"https:\/\/www2.unifr.ch\/dit\/faq\/article\/teams-generalities\/\">Siehe Artikel<\/a><\/p>\r\n\r\n\r\n\r\n<h2 class=\"wp-block-heading\" id=\"10\">10. Spotlight einsetzen<\/h2>\r\n\r\n\r\n\r\n<p>Spotlight einsetzen<\/p>\r\n\r\n\r\n\r\n<p><iframe loading=\"lazy\" title=\"YouTube video player\" src=\"https:\/\/www.youtube.com\/embed\/6b39D1rfxXc\" width=\"640\" height=\"360\" frameborder=\"0\" allowfullscreen=\"allowfullscreen\"><\/iframe><\/p>\r\n\r\n\r\n\r\n<h2 class=\"wp-block-heading\" id=\"11\">11. &#8220;PowerPoint Live&#8221;-Option<\/h2>\r\n\r\n\r\n\r\n<p>Wenn Sie den Bildschirm mit PowerPoint freigeben und den Modus &#8220;Pr\u00e4sentation&#8221; ausw\u00e4hlen, sind die BesprechungsteilnehmerInnen nicht mehr sichtbar.<\/p>\r\n\r\n\r\n\r\n<p>Um diese Einschr\u00e4nkung zu umgehen, k\u00f6nnen Sie die Option &#8220;PowerPoint Live&#8221; verwenden, die den Bildschirm f\u00fcr den Moderator\/die Moderatorin wie im Bild unten dargestellt organisiert.<\/p>\r\n\r\n\r\n\r\n<ul class=\"wp-block-gallery columns-1 is-cropped wp-block-gallery-1 is-layout-flex wp-block-gallery-is-layout-flex\">\r\n<li class=\"blocks-gallery-item\">\r\n<figure><img decoding=\"async\" loading=\"lazy\" width=\"600\" height=\"376\" class=\"wp-image-9576\" src=\"https:\/\/www2.unifr.ch\/dit\/faq\/wp-content\/uploads\/2021\/12\/Capture-d\u2019e\u0301cran-2021-12-07-a\u0300-10.38.42-1-600x376.png\" alt=\"\" data-id=\"9576\" data-link=\"https:\/\/www2.unifr.ch\/dit\/faq\/?attachment_id=9576\" srcset=\"https:\/\/www2.unifr.ch\/dit\/faq\/wp-content\/uploads\/2021\/12\/Capture-d\u2019e\u0301cran-2021-12-07-a\u0300-10.38.42-1-600x376.png 600w, https:\/\/www2.unifr.ch\/dit\/faq\/wp-content\/uploads\/2021\/12\/Capture-d\u2019e\u0301cran-2021-12-07-a\u0300-10.38.42-1-300x188.png 300w, https:\/\/www2.unifr.ch\/dit\/faq\/wp-content\/uploads\/2021\/12\/Capture-d\u2019e\u0301cran-2021-12-07-a\u0300-10.38.42-1-768x481.png 768w, https:\/\/www2.unifr.ch\/dit\/faq\/wp-content\/uploads\/2021\/12\/Capture-d\u2019e\u0301cran-2021-12-07-a\u0300-10.38.42-1-60x38.png 60w, https:\/\/www2.unifr.ch\/dit\/faq\/wp-content\/uploads\/2021\/12\/Capture-d\u2019e\u0301cran-2021-12-07-a\u0300-10.38.42-1-150x94.png 150w\" sizes=\"(max-width: 600px) 100vw, 600px\" \/><\/figure>\r\n<\/li>\r\n<\/ul>\r\n\r\n\r\n\r\n<p>Mit dieser Funktion kann man ausw\u00e4hlen, ob man die TeilnehmerInnen von einer Folie zur n\u00e4chsten navigieren lassen m\u00f6chte oder nicht und ob man die Webcam direkt in der Pr\u00e4sentation anzeigen m\u00f6chte (siehe Bilder unten).<\/p>\r\n\r\n\r\n\r\n<ul class=\"wp-block-gallery columns-2 is-cropped wp-block-gallery-3 is-layout-flex wp-block-gallery-is-layout-flex\">\r\n<li class=\"blocks-gallery-item\">\r\n<figure><img decoding=\"async\" loading=\"lazy\" width=\"600\" height=\"252\" class=\"wp-image-9580\" src=\"https:\/\/www2.unifr.ch\/dit\/faq\/wp-content\/uploads\/2021\/12\/Capture-d\u2019e\u0301cran-2021-12-07-a\u0300-10.48.58-1-600x252.png\" alt=\"\" data-id=\"9580\" data-link=\"https:\/\/www2.unifr.ch\/dit\/faq\/?attachment_id=9580\" srcset=\"https:\/\/www2.unifr.ch\/dit\/faq\/wp-content\/uploads\/2021\/12\/Capture-d\u2019e\u0301cran-2021-12-07-a\u0300-10.48.58-1-600x252.png 600w, https:\/\/www2.unifr.ch\/dit\/faq\/wp-content\/uploads\/2021\/12\/Capture-d\u2019e\u0301cran-2021-12-07-a\u0300-10.48.58-1-300x126.png 300w, https:\/\/www2.unifr.ch\/dit\/faq\/wp-content\/uploads\/2021\/12\/Capture-d\u2019e\u0301cran-2021-12-07-a\u0300-10.48.58-1-768x323.png 768w, https:\/\/www2.unifr.ch\/dit\/faq\/wp-content\/uploads\/2021\/12\/Capture-d\u2019e\u0301cran-2021-12-07-a\u0300-10.48.58-1-60x25.png 60w, https:\/\/www2.unifr.ch\/dit\/faq\/wp-content\/uploads\/2021\/12\/Capture-d\u2019e\u0301cran-2021-12-07-a\u0300-10.48.58-1-150x63.png 150w, https:\/\/www2.unifr.ch\/dit\/faq\/wp-content\/uploads\/2021\/12\/Capture-d\u2019e\u0301cran-2021-12-07-a\u0300-10.48.58-1.png 932w\" sizes=\"(max-width: 600px) 100vw, 600px\" \/><\/figure>\r\n<\/li>\r\n<li class=\"blocks-gallery-item\">\r\n<figure><img decoding=\"async\" loading=\"lazy\" width=\"600\" height=\"517\" class=\"wp-image-9582\" src=\"https:\/\/www2.unifr.ch\/dit\/faq\/wp-content\/uploads\/2021\/12\/Capture-d\u2019e\u0301cran-2021-12-07-a\u0300-10.49.38-2-600x517.png\" alt=\"\" data-id=\"9582\" data-link=\"https:\/\/www2.unifr.ch\/dit\/faq\/?attachment_id=9582\" srcset=\"https:\/\/www2.unifr.ch\/dit\/faq\/wp-content\/uploads\/2021\/12\/Capture-d\u2019e\u0301cran-2021-12-07-a\u0300-10.49.38-2-600x517.png 600w, https:\/\/www2.unifr.ch\/dit\/faq\/wp-content\/uploads\/2021\/12\/Capture-d\u2019e\u0301cran-2021-12-07-a\u0300-10.49.38-2-300x258.png 300w, https:\/\/www2.unifr.ch\/dit\/faq\/wp-content\/uploads\/2021\/12\/Capture-d\u2019e\u0301cran-2021-12-07-a\u0300-10.49.38-2-768x661.png 768w, https:\/\/www2.unifr.ch\/dit\/faq\/wp-content\/uploads\/2021\/12\/Capture-d\u2019e\u0301cran-2021-12-07-a\u0300-10.49.38-2-60x52.png 60w, https:\/\/www2.unifr.ch\/dit\/faq\/wp-content\/uploads\/2021\/12\/Capture-d\u2019e\u0301cran-2021-12-07-a\u0300-10.49.38-2-150x129.png 150w, https:\/\/www2.unifr.ch\/dit\/faq\/wp-content\/uploads\/2021\/12\/Capture-d\u2019e\u0301cran-2021-12-07-a\u0300-10.49.38-2.png 964w\" sizes=\"(max-width: 600px) 100vw, 600px\" \/><\/figure>\r\n<\/li>\r\n<\/ul>\r\n\r\n\r\n\r\n<p>Die TeilnehmerInnen der Sitzung sehen nur die Pr\u00e4sentationstafel (roter Rahmen) und die anderen TeilnehmerInnen und, wenn die Option aktiv ist, alle Folien der Pr\u00e4sentation<em>.<\/em><\/p>\r\n\r\n\r\n\r\n<ul class=\"wp-block-gallery columns-1 is-cropped wp-block-gallery-5 is-layout-flex wp-block-gallery-is-layout-flex\">\r\n<li class=\"blocks-gallery-item\">\r\n<figure><img decoding=\"async\" loading=\"lazy\" width=\"437\" height=\"109\" class=\"wp-image-9585\" src=\"https:\/\/www2.unifr.ch\/dit\/faq\/wp-content\/uploads\/2021\/12\/live-1.png\" alt=\"\" data-id=\"9585\" data-link=\"https:\/\/www2.unifr.ch\/dit\/faq\/?attachment_id=9585\" srcset=\"https:\/\/www2.unifr.ch\/dit\/faq\/wp-content\/uploads\/2021\/12\/live-1.png 437w, https:\/\/www2.unifr.ch\/dit\/faq\/wp-content\/uploads\/2021\/12\/live-1-300x75.png 300w, https:\/\/www2.unifr.ch\/dit\/faq\/wp-content\/uploads\/2021\/12\/live-1-60x15.png 60w, https:\/\/www2.unifr.ch\/dit\/faq\/wp-content\/uploads\/2021\/12\/live-1-150x37.png 150w\" sizes=\"(max-width: 437px) 100vw, 437px\" \/><\/figure>\r\n<\/li>\r\n<\/ul>\r\n\r\n\r\n\r\n<p><br \/>Um diese Funktion &#8220;PowerPoint Live&#8221; zu nutzen, muss die betreffende Powerpoint-Datei aus dem Bereich &#8220;PowerPoint Live&#8221; der Bildschirmfreigabe (ganz unten im Bild unten) heruntergeladen und dann in der Sitzung ausgew\u00e4hlt werden.<\/p>\r\n\r\n\r\n\r\n<figure class=\"wp-block-image\"><img decoding=\"async\" loading=\"lazy\" width=\"434\" height=\"600\" class=\"wp-image-9587\" src=\"https:\/\/www2.unifr.ch\/dit\/faq\/wp-content\/uploads\/2021\/12\/Capture-d\u2019e\u0301cran-2021-12-07-a\u0300-10.52.14-1-434x600.png\" alt=\"\" srcset=\"https:\/\/www2.unifr.ch\/dit\/faq\/wp-content\/uploads\/2021\/12\/Capture-d\u2019e\u0301cran-2021-12-07-a\u0300-10.52.14-1-434x600.png 434w, https:\/\/www2.unifr.ch\/dit\/faq\/wp-content\/uploads\/2021\/12\/Capture-d\u2019e\u0301cran-2021-12-07-a\u0300-10.52.14-1-217x300.png 217w, https:\/\/www2.unifr.ch\/dit\/faq\/wp-content\/uploads\/2021\/12\/Capture-d\u2019e\u0301cran-2021-12-07-a\u0300-10.52.14-1-768x1062.png 768w, https:\/\/www2.unifr.ch\/dit\/faq\/wp-content\/uploads\/2021\/12\/Capture-d\u2019e\u0301cran-2021-12-07-a\u0300-10.52.14-1-43x60.png 43w, https:\/\/www2.unifr.ch\/dit\/faq\/wp-content\/uploads\/2021\/12\/Capture-d\u2019e\u0301cran-2021-12-07-a\u0300-10.52.14-1-109x150.png 109w, https:\/\/www2.unifr.ch\/dit\/faq\/wp-content\/uploads\/2021\/12\/Capture-d\u2019e\u0301cran-2021-12-07-a\u0300-10.52.14-1.png 900w\" sizes=\"(max-width: 434px) 100vw, 434px\" \/><\/figure>\r\n\r\n\r\n\r\n<h2 class=\"wp-block-heading\" id=\"12\">12. Live Event<\/h2>\r\n\r\n\r\n\r\n<p>Die Funktion &#8220;Liveereignis&#8221; ist im MS Teams-Kalender verf\u00fcgbar.<\/p>\r\n\r\n\r\n\r\n<figure class=\"wp-block-image\"><img decoding=\"async\" loading=\"lazy\" width=\"600\" height=\"124\" class=\"wp-image-8448\" src=\"https:\/\/www2.unifr.ch\/dit\/faq\/wp-content\/uploads\/2021\/04\/image-21-600x124.png\" alt=\"\" srcset=\"https:\/\/www2.unifr.ch\/dit\/faq\/wp-content\/uploads\/2021\/04\/image-21-600x124.png 600w, https:\/\/www2.unifr.ch\/dit\/faq\/wp-content\/uploads\/2021\/04\/image-21-300x62.png 300w, https:\/\/www2.unifr.ch\/dit\/faq\/wp-content\/uploads\/2021\/04\/image-21-768x158.png 768w, https:\/\/www2.unifr.ch\/dit\/faq\/wp-content\/uploads\/2021\/04\/image-21-60x12.png 60w, https:\/\/www2.unifr.ch\/dit\/faq\/wp-content\/uploads\/2021\/04\/image-21-150x31.png 150w, https:\/\/www2.unifr.ch\/dit\/faq\/wp-content\/uploads\/2021\/04\/image-21.png 918w\" sizes=\"(max-width: 600px) 100vw, 600px\" \/><\/figure>\r\n\r\n\r\n\r\n<p>Um die Funktion &#8220;Live Event&#8221; besser zu verstehen, k\u00f6nnen Sie die folgende englische Aufnahme (Video) anschauen (17:01 Min.)<\/p>\r\n\r\n\r\n\r\n<p><iframe loading=\"lazy\" title=\"YouTube video player\" src=\"https:\/\/www.youtube.com\/embed\/O3HfNj2PeR4\" width=\"640\" height=\"360\" frameborder=\"0\" allowfullscreen=\"allowfullscreen\"><\/iframe><\/p>\r\n\r\n\r\n\r\n<h2 class=\"wp-block-heading\" id=\"13\">13. App \u00ab Aufgaben\/Assignments \u00bb <br \/>in MS Teams nicht verf\u00fcgbar<\/h2>\r\n\r\n\r\n\r\n<p>Die Universit\u00e4t Freiburg nutzt ausschliesslich <strong>Moodle <\/strong> als Interaktionswerkzeug mit den Studierenden, insbesondere f\u00fcr Hausarbeiten. Die Applikation &#8220;Aufgaben\/Assignments&#8221; von MS Teams, die typischerweise auf die Verwaltung von Lehrveranstaltungen ausgerichtet und mit Moodle redundant ist, steht nicht koh\u00e4rent mit der Positionierung von Teams als kollaboratives Werkzeug und nicht als Lehrwerkzeug.<br \/>Deswegen ist es nicht vorgesehen, die Applikation &#8221; <br \/>Aufgaben\/Assignments &#8221; zu aktivieren.<\/p>\r\n\r\n\r\n\r\n<figure class=\"wp-block-image is-resized\"><img decoding=\"async\" loading=\"lazy\" class=\"wp-image-8364\" src=\"https:\/\/www2.unifr.ch\/dit\/faq\/wp-content\/uploads\/2021\/04\/image-12.png\" alt=\"\" width=\"188\" height=\"71\" srcset=\"https:\/\/www2.unifr.ch\/dit\/faq\/wp-content\/uploads\/2021\/04\/image-12.png 250w, https:\/\/www2.unifr.ch\/dit\/faq\/wp-content\/uploads\/2021\/04\/image-12-60x23.png 60w, https:\/\/www2.unifr.ch\/dit\/faq\/wp-content\/uploads\/2021\/04\/image-12-150x56.png 150w\" sizes=\"(max-width: 188px) 100vw, 188px\" \/><\/figure>\r\n\r\n\r\n\r\n<h2 class=\"wp-block-heading\" id=\"14\">14. Comodal-Kurs<\/h2>\r\n\r\n\r\n\r\n<figure class=\"wp-block-video\"><video src=\"https:\/\/www2.unifr.ch\/dit\/faq\/wp-content\/uploads\/2021\/06\/2021-06-04-Teams-kurs-comodal-sound.mp4\" controls=\"controls\" width=\"300\" height=\"150\"><\/video><\/figure>\r\n\r\n\r\n\r\n<h2 class=\"wp-block-heading\" id=\"15\">15. Sichern einer Sitzung<\/h2>\r\n\r\n\r\n\r\n<p>In diesen 2 Videos sehen wir, wie Sie eine sichere und kontrollierte Sitzung vor und w\u00e4hrend der Sitzung durchf\u00fchren. <br \/>(Deutsche Videos werden bald verf\u00fcgbar sein).<\/p>\r\n\r\n\r\n\r\n<p><iframe loading=\"lazy\" src=\"https:\/\/tube.switch.ch\/embed\/QoCmnhrDzO\" width=\"640\" height=\"360\" frameborder=\"0\" allowfullscreen=\"allowfullscreen\"><\/iframe><\/p>\r\n\r\n\r\n\r\n<p><iframe loading=\"lazy\" src=\"https:\/\/tube.switch.ch\/embed\/v3Ad1sziTH\" width=\"640\" height=\"360\" frameborder=\"0\" allowfullscreen=\"allowfullscreen\"><\/iframe><\/p>\r\n","protected":false},"excerpt":{"rendered":"<p>Tipps f\u00fcr Organisatoren und Moderatoren, um grosse Meetings mit MS Teams erfolgreich durchzuf\u00fchren: https:\/\/techcommunity.microsoft.com\/t5\/microsoft-teams-blog\/best-practices-for-successful-large-meetings-in-microsoft-teams\/ba-p\/3201971 Voraufzeichung des Kurses 1.1 Sie zeichnen Ihre Kommentare direkt in Powerpoint oder in einer Audio-Datei auf Ihrem Computer auf 1.2 Zeichen Sie in Form einer Videoaufnahme Ihren Kurs auf Ihrem Computer auf und teilen Sie ihn auf SWITCHdrive 1.3 Voraufzeichnung im [&hellip;]<\/p>\n","protected":false},"author":5,"featured_media":0,"comment_status":"closed","ping_status":"closed","sticky":false,"template":"","format":"standard","meta":{"footnotes":""},"categories":[460,611,700,701,607,389,616,617],"tags":[881,733,882,885,116,119,883,884,852],"_links":{"self":[{"href":"https:\/\/www2.unifr.ch\/dit\/faq\/wp-json\/wp\/v2\/posts\/8394"}],"collection":[{"href":"https:\/\/www2.unifr.ch\/dit\/faq\/wp-json\/wp\/v2\/posts"}],"about":[{"href":"https:\/\/www2.unifr.ch\/dit\/faq\/wp-json\/wp\/v2\/types\/post"}],"author":[{"embeddable":true,"href":"https:\/\/www2.unifr.ch\/dit\/faq\/wp-json\/wp\/v2\/users\/5"}],"replies":[{"embeddable":true,"href":"https:\/\/www2.unifr.ch\/dit\/faq\/wp-json\/wp\/v2\/comments?post=8394"}],"version-history":[{"count":106,"href":"https:\/\/www2.unifr.ch\/dit\/faq\/wp-json\/wp\/v2\/posts\/8394\/revisions"}],"predecessor-version":[{"id":10571,"href":"https:\/\/www2.unifr.ch\/dit\/faq\/wp-json\/wp\/v2\/posts\/8394\/revisions\/10571"}],"wp:attachment":[{"href":"https:\/\/www2.unifr.ch\/dit\/faq\/wp-json\/wp\/v2\/media?parent=8394"}],"wp:term":[{"taxonomy":"category","embeddable":true,"href":"https:\/\/www2.unifr.ch\/dit\/faq\/wp-json\/wp\/v2\/categories?post=8394"},{"taxonomy":"post_tag","embeddable":true,"href":"https:\/\/www2.unifr.ch\/dit\/faq\/wp-json\/wp\/v2\/tags?post=8394"}],"curies":[{"name":"wp","href":"https:\/\/api.w.org\/{rel}","templated":true}]}}