{"id":9310,"date":"2022-02-01T10:00:43","date_gmt":"2022-02-01T09:00:43","guid":{"rendered":"https:\/\/www2.unifr.ch\/dit\/faq\/article\/licence-adobe-creative-clouds\/"},"modified":"2022-02-01T11:04:42","modified_gmt":"2022-02-01T10:04:42","slug":"licence-adobe-creative-clouds","status":"publish","type":"post","link":"https:\/\/www2.unifr.ch\/dit\/faq\/article\/licence-adobe-creative-clouds\/?lang=de","title":{"rendered":"[E] Die Adobe-Lizenz, insbesondere mit Acrobat PRO DC, verursacht Probleme"},"content":{"rendered":"\n<p>Wenn Sie, als Mitarbeitende der Universtit\u00e4t Freiburg sicher sind, dass Sie \u00fcber einer Adobe Creative Cloud-<a href=\"https:\/\/www2.unifr.ch\/dit\/faq\/article\/angestellte-zugriff-auf-adobe-creative-clouds-acrobat-photoshop-indesign-usw\/?lang=de\">Lizenz<\/a> verf\u00fcgen,  aber Ihre Adobe-Programme, insbesondere Acrobat, st\u00e4ndig eine Lizenz verlangen, reicht es den folgender Vorgang zu verfolgen um das Problem zu l\u00f6sen.<\/p>\n\n\n\n<p>Diese L\u00f6sung wurde als &#8220;Workarround&#8221; von der Firma ADOBE an die DIT mitgeteilt!<\/p>\n\n\n\n<p>Entweder leisten Sie diese Arbeit selber oder verlangen die Hilfe von:<\/p>\n\n\n\n<ol><li>Ihrem\/Ihre votre <a href=\"https:\/\/www.unifr.ch\/go\/ci\">Informatikkorrespondent\/in<\/a><\/li><li>Dem <a href=\"https:\/\/www.unifr.ch\/it\/de\/kontakt\/#support-mitarbeitenden\">Support Center<\/a> der DIT.<\/li><\/ol>\n\n\n\n<p><\/p>\n\n\n\n<p><strong>Schliessen Sie alle Programme:<\/strong> Adobe-Programme, aber auch Word, Excel und Outlook.<\/p>\n\n\n\n<p>Im File Exporer von Windows, unter der Karteikarte &#8220;View&#8221;, die Optionen &#8220;File name extensions&#8221; und &#8220;Hidden items&#8221; aktivieren.<\/p>\n\n\n\n<figure class=\"wp-block-image\"><img decoding=\"async\" loading=\"lazy\" width=\"43\" height=\"42\" src=\"https:\/\/www2.unifr.ch\/dit\/faq\/wp-content\/uploads\/2022\/02\/image-1.png\" alt=\"\" class=\"wp-image-9765\"\/><\/figure>\n\n\n\n<figure class=\"wp-block-image\"><img decoding=\"async\" loading=\"lazy\" width=\"600\" height=\"105\" src=\"https:\/\/www2.unifr.ch\/dit\/faq\/wp-content\/uploads\/2022\/02\/image-600x105.png\" alt=\"\" class=\"wp-image-9762\" srcset=\"https:\/\/www2.unifr.ch\/dit\/faq\/wp-content\/uploads\/2022\/02\/image-600x105.png 600w, https:\/\/www2.unifr.ch\/dit\/faq\/wp-content\/uploads\/2022\/02\/image-300x53.png 300w, https:\/\/www2.unifr.ch\/dit\/faq\/wp-content\/uploads\/2022\/02\/image-768x135.png 768w, https:\/\/www2.unifr.ch\/dit\/faq\/wp-content\/uploads\/2022\/02\/image-60x11.png 60w, https:\/\/www2.unifr.ch\/dit\/faq\/wp-content\/uploads\/2022\/02\/image-150x26.png 150w, https:\/\/www2.unifr.ch\/dit\/faq\/wp-content\/uploads\/2022\/02\/image.png 1026w\" sizes=\"(max-width: 600px) 100vw, 600px\" \/><\/figure>\n\n\n\n<p>Applizieren Sie die L\u00f6sungen 5, 6 und 7 vom <a rel=\"noreferrer noopener\" aria-label=\"Adobe-Artikel (s\u2019ouvre dans un nouvel onglet)\" href=\"https:\/\/helpx.adobe.com\/de\/enterprise\/kb\/resolve-trial-and-license-expired-errors.html#sa_src=web-messaging\" target=\"_blank\">Adobe-Artikel<\/a>: <\/p>\n\n\n\n<h4 class=\"wp-block-heading\" id=\"Solution4Clearthecachedlicensinginformation\">L\u00f6sung 5: Benennen Sie den Ordner \u201eSLCache\u201c in \u201eSLCache-old\u201c um <br><\/h4>\n\n\n\n<p><strong>Windows<\/strong>: C:\\Programme (x86)\\Common Files\\Adobe<\/p>\n\n\n\n<p><strong>macOS<\/strong>: System\/Library\/Application Support\/Adobe<\/p>\n\n\n\n<p><\/p>\n\n\n\n<h4 class=\"wp-block-heading\" id=\"Solution5Deletethesignininformation\">L\u00f6sung 6: L\u00f6schen Sie die Datei \u201eopm.db\u201c:<\/h4>\n\n\n\n<p><strong>Windows:<\/strong> C:\\Benutzer\\&lt;Benutzername>\\AppData\\Local\\Adobe\\OOBE<\/p>\n\n\n\n<p><strong>macOS:\u00a0<\/strong>\/Users\/&lt;Benutzername>\/Library\/Application Support\/Adobe\/OOBE<\/p>\n\n\n\n<p><\/p>\n\n\n\n<h4 class=\"wp-block-heading\" id=\"Solution6Deletethelicensinginformation\">L\u00f6sung 7: Benennen Sie den Ordner \u201eSLStore\u201c in \u201eSLStore-old\u201c um  <\/h4>\n\n\n\n<p><strong>Windows<\/strong>: C:\\ProgramData\\Adobe\\SLStore<\/p>\n\n\n\n<p><strong>macOS<\/strong>: \/Library\/Application Support\/Adobe\/SLStore<\/p>\n\n\n\n<p><\/p>\n\n\n\n<hr class=\"wp-block-separator is-style-wide\"\/>\n\n\n\n<p>Acrobat PRO DC deinstallieren via  <br><a rel=\"noreferrer noopener\" href=\"https:\/\/creativecloud.adobe.com\/apps\/all\/desktop\" target=\"_blank\">https:\/\/creativecloud.adobe.com\/apps\/all\/desktop<\/a> <\/p>\n\n\n\n<figure class=\"wp-block-image\"><img decoding=\"async\" loading=\"lazy\" width=\"600\" height=\"154\" src=\"https:\/\/www2.unifr.ch\/dit\/faq\/wp-content\/uploads\/2022\/02\/image-2-600x154.png\" alt=\"\" class=\"wp-image-9773\" srcset=\"https:\/\/www2.unifr.ch\/dit\/faq\/wp-content\/uploads\/2022\/02\/image-2-600x154.png 600w, https:\/\/www2.unifr.ch\/dit\/faq\/wp-content\/uploads\/2022\/02\/image-2-300x77.png 300w, https:\/\/www2.unifr.ch\/dit\/faq\/wp-content\/uploads\/2022\/02\/image-2-60x15.png 60w, https:\/\/www2.unifr.ch\/dit\/faq\/wp-content\/uploads\/2022\/02\/image-2-150x38.png 150w, https:\/\/www2.unifr.ch\/dit\/faq\/wp-content\/uploads\/2022\/02\/image-2.png 690w\" sizes=\"(max-width: 600px) 100vw, 600px\" \/><\/figure>\n\n\n\n<p><\/p>\n\n\n\n<p>Acrobat PRO DC neuinstallieren via  <br><a rel=\"noreferrer noopener\" href=\"https:\/\/creativecloud.adobe.com\/apps\/all\/desktop\" target=\"_blank\">https:\/\/creativecloud.adobe.com\/apps\/all\/desktop<\/a> <\/p>\n\n\n\n<figure class=\"wp-block-image\"><img decoding=\"async\" loading=\"lazy\" width=\"336\" height=\"89\" src=\"https:\/\/www2.unifr.ch\/dit\/faq\/wp-content\/uploads\/2022\/02\/image-3.png\" alt=\"\" class=\"wp-image-9775\" srcset=\"https:\/\/www2.unifr.ch\/dit\/faq\/wp-content\/uploads\/2022\/02\/image-3.png 336w, https:\/\/www2.unifr.ch\/dit\/faq\/wp-content\/uploads\/2022\/02\/image-3-300x79.png 300w, https:\/\/www2.unifr.ch\/dit\/faq\/wp-content\/uploads\/2022\/02\/image-3-60x16.png 60w, https:\/\/www2.unifr.ch\/dit\/faq\/wp-content\/uploads\/2022\/02\/image-3-150x40.png 150w\" sizes=\"(max-width: 336px) 100vw, 336px\" \/><figcaption><br><br><\/figcaption><\/figure>\n\n\n\n<hr class=\"wp-block-separator is-style-wide\"\/>\n\n\n\n<p><strong>Acrobat PRO DC testen<\/strong> mit der Er\u00f6ffnung einer Ihren PDF-Datei. \u00dcberpr\u00fcfen Sie ob die Werkzeuge verf\u00fcgbar sind.<\/p>\n\n\n\n<figure class=\"wp-block-image\"><img decoding=\"async\" loading=\"lazy\" width=\"600\" height=\"461\" src=\"https:\/\/www2.unifr.ch\/dit\/faq\/wp-content\/uploads\/2022\/02\/image-4-600x461.png\" alt=\"\" class=\"wp-image-9777\" srcset=\"https:\/\/www2.unifr.ch\/dit\/faq\/wp-content\/uploads\/2022\/02\/image-4-600x461.png 600w, https:\/\/www2.unifr.ch\/dit\/faq\/wp-content\/uploads\/2022\/02\/image-4-300x230.png 300w, https:\/\/www2.unifr.ch\/dit\/faq\/wp-content\/uploads\/2022\/02\/image-4-60x46.png 60w, https:\/\/www2.unifr.ch\/dit\/faq\/wp-content\/uploads\/2022\/02\/image-4-150x115.png 150w, https:\/\/www2.unifr.ch\/dit\/faq\/wp-content\/uploads\/2022\/02\/image-4.png 638w\" sizes=\"(max-width: 600px) 100vw, 600px\" \/><\/figure>\n\n\n\n<p><strong>Die Konvertierung Word -> PDF testen <\/strong>mit dem \u00d6ffnen eines Word-Dokumentes, und dann Men\u00fc &#8220;File&#8221; und Befehl &#8220;Save as Adobe PDF&#8221;.<\/p>\n\n\n\n<figure class=\"wp-block-image\"><img decoding=\"async\" loading=\"lazy\" width=\"592\" height=\"211\" src=\"https:\/\/www2.unifr.ch\/dit\/faq\/wp-content\/uploads\/2022\/02\/image-6.png\" alt=\"\" class=\"wp-image-9781\" srcset=\"https:\/\/www2.unifr.ch\/dit\/faq\/wp-content\/uploads\/2022\/02\/image-6.png 592w, https:\/\/www2.unifr.ch\/dit\/faq\/wp-content\/uploads\/2022\/02\/image-6-300x107.png 300w, https:\/\/www2.unifr.ch\/dit\/faq\/wp-content\/uploads\/2022\/02\/image-6-60x21.png 60w, https:\/\/www2.unifr.ch\/dit\/faq\/wp-content\/uploads\/2022\/02\/image-6-150x53.png 150w\" sizes=\"(max-width: 592px) 100vw, 592px\" \/><\/figure>\n\n\n\n<p>Wenn die beide Tests funktionieren, dann ist Ihre Adobe Creative Cloud-Lizenz wieder Betriebsbereit!<\/p>\n\n\n\n<hr class=\"wp-block-separator is-style-wide\"\/>\n\n\n\n<p>  <br>Im File Exporer von Windows, unter der Karteikarte &#8220;View&#8221;, die Optionen &#8220;File name extensions&#8221; und &#8220;Hidden items&#8221; <strong>deaktivieren<\/strong>. . <\/p>\n\n\n\n<figure class=\"wp-block-image\"><img decoding=\"async\" loading=\"lazy\" width=\"43\" height=\"42\" src=\"https:\/\/www2.unifr.ch\/dit\/faq\/wp-content\/uploads\/2022\/02\/image-8.png\" alt=\"\" class=\"wp-image-9787\"\/><\/figure>\n\n\n\n<figure class=\"wp-block-image\"><img decoding=\"async\" loading=\"lazy\" width=\"600\" height=\"105\" src=\"https:\/\/www2.unifr.ch\/dit\/faq\/wp-content\/uploads\/2022\/02\/image-7-600x105.png\" alt=\"\" class=\"wp-image-9785\" srcset=\"https:\/\/www2.unifr.ch\/dit\/faq\/wp-content\/uploads\/2022\/02\/image-7-600x105.png 600w, https:\/\/www2.unifr.ch\/dit\/faq\/wp-content\/uploads\/2022\/02\/image-7-300x53.png 300w, https:\/\/www2.unifr.ch\/dit\/faq\/wp-content\/uploads\/2022\/02\/image-7-768x135.png 768w, https:\/\/www2.unifr.ch\/dit\/faq\/wp-content\/uploads\/2022\/02\/image-7-60x11.png 60w, https:\/\/www2.unifr.ch\/dit\/faq\/wp-content\/uploads\/2022\/02\/image-7-150x26.png 150w, https:\/\/www2.unifr.ch\/dit\/faq\/wp-content\/uploads\/2022\/02\/image-7.png 1025w\" sizes=\"(max-width: 600px) 100vw, 600px\" \/><\/figure>\n\n\n\n<p>[Quelle: DIT-MI &amp; DIT-SC]<\/p>\n","protected":false},"excerpt":{"rendered":"<p>Wenn Sie, als Mitarbeitende der Universtit\u00e4t Freiburg sicher sind, dass Sie \u00fcber einer Adobe Creative Cloud-Lizenz verf\u00fcgen, aber Ihre Adobe-Programme, insbesondere Acrobat, st\u00e4ndig eine Lizenz verlangen, reicht es den folgender Vorgang zu verfolgen um das Problem zu l\u00f6sen. Diese L\u00f6sung wurde als &#8220;Workarround&#8221; von der Firma ADOBE an die DIT mitgeteilt! Entweder leisten Sie diese [&hellip;]<\/p>\n","protected":false},"author":5,"featured_media":0,"comment_status":"closed","ping_status":"closed","sticky":false,"template":"","format":"standard","meta":{"footnotes":""},"categories":[700],"tags":[829,827,893,892],"_links":{"self":[{"href":"https:\/\/www2.unifr.ch\/dit\/faq\/wp-json\/wp\/v2\/posts\/9310"}],"collection":[{"href":"https:\/\/www2.unifr.ch\/dit\/faq\/wp-json\/wp\/v2\/posts"}],"about":[{"href":"https:\/\/www2.unifr.ch\/dit\/faq\/wp-json\/wp\/v2\/types\/post"}],"author":[{"embeddable":true,"href":"https:\/\/www2.unifr.ch\/dit\/faq\/wp-json\/wp\/v2\/users\/5"}],"replies":[{"embeddable":true,"href":"https:\/\/www2.unifr.ch\/dit\/faq\/wp-json\/wp\/v2\/comments?post=9310"}],"version-history":[{"count":16,"href":"https:\/\/www2.unifr.ch\/dit\/faq\/wp-json\/wp\/v2\/posts\/9310\/revisions"}],"predecessor-version":[{"id":9806,"href":"https:\/\/www2.unifr.ch\/dit\/faq\/wp-json\/wp\/v2\/posts\/9310\/revisions\/9806"}],"wp:attachment":[{"href":"https:\/\/www2.unifr.ch\/dit\/faq\/wp-json\/wp\/v2\/media?parent=9310"}],"wp:term":[{"taxonomy":"category","embeddable":true,"href":"https:\/\/www2.unifr.ch\/dit\/faq\/wp-json\/wp\/v2\/categories?post=9310"},{"taxonomy":"post_tag","embeddable":true,"href":"https:\/\/www2.unifr.ch\/dit\/faq\/wp-json\/wp\/v2\/tags?post=9310"}],"curies":[{"name":"wp","href":"https:\/\/api.w.org\/{rel}","templated":true}]}}