{"id":9984,"date":"2022-03-24T16:04:08","date_gmt":"2022-03-24T15:04:08","guid":{"rendered":"https:\/\/www2.unifr.ch\/dit\/faq\/?p=9984"},"modified":"2022-03-24T16:05:04","modified_gmt":"2022-03-24T15:05:04","slug":"your-data-on-unifr-directory","status":"publish","type":"post","link":"https:\/\/www2.unifr.ch\/dit\/faq\/article\/your-data-on-unifr-directory\/?lang=de","title":{"rendered":"[E] Ihre Daten, die in den UniFR-Verzeichnissen ver\u00f6ffentlicht werden"},"content":{"rendered":"\n<p>Jede\/r Mitarbeitende der UniFR verf\u00fcgt \u00fcber ein pers\u00f6nliches Profil, das sich im Angestelltenverzeichnis der Universit\u00e4t befindet (<a href=\"https:\/\/www3.unifr.ch\/directory\/de\">www.unifr.ch\/directory\/de<\/a>).<a href=\"https:\/\/www3.unifr.ch\/directory\/de\"><\/a><\/p>\n\n\n\n<p>Jede\/r Mitarbeitende kann die dort vorhandenen Daten erg\u00e4nzen\/\u00e4ndern und zus\u00e4tzliche Informationen hinzuf\u00fcgen, die optional oder f\u00fcr das \u00fcbrige akademische Personal relevant sind (Anwesenheitszeiten, Publikationsliste usw.).<\/p>\n\n\n\n<p>Diese zus\u00e4tzlichen Informationen k\u00f6nnen \u00fcber das Portal MyUnifr ge\u00e4ndert werden, ohne dass andere Intermedi\u00e4re involviert werden m\u00fcssen.<\/p>\n\n\n\n<h3 class=\"wp-block-heading\">1. \u00c4nderung der pers\u00f6nlichen Daten<\/h3>\n\n\n\n<p>Die pers\u00f6nlichen Daten der Mitarbeiterinnen und Mitarbeiter der UniFR k\u00f6nnen \u00fcber das Portal MyUnifr ge\u00e4ndert werden.<\/p>\n\n\n\n<ul><li> Melden Sie sich auf https:\/\/my.unifr.ch\/ an.<\/li><li> Oben rechts auf der Seite, wo Ihr Name angezeigt wird, w\u00e4hlen Sie <strong><em>Meine pers\u00f6nlichen Informationen<\/em><\/strong>, dann <em><strong>Zugang <\/strong><\/em><\/li><\/ul>\n\n\n\n<div class=\"wp-block-image\"><figure class=\"aligncenter\"><img decoding=\"async\" loading=\"lazy\" width=\"371\" height=\"123\" src=\"https:\/\/www2.unifr.ch\/dit\/faq\/wp-content\/uploads\/2022\/03\/FAQ-Ruben-D-Image-000.png\" alt=\"\" class=\"wp-image-9989\" srcset=\"https:\/\/www2.unifr.ch\/dit\/faq\/wp-content\/uploads\/2022\/03\/FAQ-Ruben-D-Image-000.png 371w, https:\/\/www2.unifr.ch\/dit\/faq\/wp-content\/uploads\/2022\/03\/FAQ-Ruben-D-Image-000-300x99.png 300w, https:\/\/www2.unifr.ch\/dit\/faq\/wp-content\/uploads\/2022\/03\/FAQ-Ruben-D-Image-000-60x20.png 60w, https:\/\/www2.unifr.ch\/dit\/faq\/wp-content\/uploads\/2022\/03\/FAQ-Ruben-D-Image-000-150x50.png 150w\" sizes=\"(max-width: 371px) 100vw, 371px\" \/><\/figure><\/div>\n\n\n\n<h3 class=\"wp-block-heading\">2. \u00c4nderung Ihrer B\u00fcronummer und Ihrer Funktion<\/h3>\n\n\n\n<p>Die \u00c4nderung der Informationen der B\u00fcronummer dient dazu, wenn ein neuer Mitarbeiter oder eine neue Mitarbeiterin eintritt oder ein B\u00fcro umzieht. Diese Informationen m\u00fcssen vom Mitarbeitende erfasst werden.<\/p>\n\n\n\n<p>Wenn Sie die Bezeichnung Ihrer Funktion \u00e4ndern m\u00f6chten, m\u00fcssen Sie die \u00c4nderung beim Personaldienst beantragen (<a href=\"https:\/\/www.unifr.ch\/sp\/de\/\">https:\/\/www.unifr.ch\/sp\/de\/<\/a>).<a href=\"https:\/\/www.unifr.ch\/sp\/de\/\"><\/a><\/p>\n\n\n\n<div class=\"wp-block-image\"><figure class=\"aligncenter\"><img decoding=\"async\" loading=\"lazy\" width=\"600\" height=\"87\" src=\"https:\/\/www2.unifr.ch\/dit\/faq\/wp-content\/uploads\/2022\/03\/FAQ-Ruben-D-Image-001-600x87.png\" alt=\"\" class=\"wp-image-9991\" srcset=\"https:\/\/www2.unifr.ch\/dit\/faq\/wp-content\/uploads\/2022\/03\/FAQ-Ruben-D-Image-001-600x87.png 600w, https:\/\/www2.unifr.ch\/dit\/faq\/wp-content\/uploads\/2022\/03\/FAQ-Ruben-D-Image-001-300x44.png 300w, https:\/\/www2.unifr.ch\/dit\/faq\/wp-content\/uploads\/2022\/03\/FAQ-Ruben-D-Image-001-60x9.png 60w, https:\/\/www2.unifr.ch\/dit\/faq\/wp-content\/uploads\/2022\/03\/FAQ-Ruben-D-Image-001-150x22.png 150w, https:\/\/www2.unifr.ch\/dit\/faq\/wp-content\/uploads\/2022\/03\/FAQ-Ruben-D-Image-001.png 728w\" sizes=\"(max-width: 600px) 100vw, 600px\" \/><\/figure><\/div>\n\n\n\n<h3 class=\"wp-block-heading\">3. Bearbeiten des Fotos in Verzeichnissen und\/oder Campus Card<\/h3>\n\n\n\n<p>Die \u00c4nderung ihres Fotos in den Verzeichnissen der UniFR (einschliesslich der Webseiten, die die Informationen aus den Verzeichnissen weiterleiten) und\/oder der Campus Card erfolgt durch Hinzuf\u00fcgen eines neuen Fotos und L\u00f6schen des alten.<\/p>\n\n\n\n<div class=\"wp-block-image\"><figure class=\"aligncenter\"><img decoding=\"async\" loading=\"lazy\" width=\"600\" height=\"258\" src=\"https:\/\/www2.unifr.ch\/dit\/faq\/wp-content\/uploads\/2022\/03\/FAQ-Ruben-D-Image-002-600x258.png\" alt=\"\" class=\"wp-image-9993\" srcset=\"https:\/\/www2.unifr.ch\/dit\/faq\/wp-content\/uploads\/2022\/03\/FAQ-Ruben-D-Image-002-600x258.png 600w, https:\/\/www2.unifr.ch\/dit\/faq\/wp-content\/uploads\/2022\/03\/FAQ-Ruben-D-Image-002-300x129.png 300w, https:\/\/www2.unifr.ch\/dit\/faq\/wp-content\/uploads\/2022\/03\/FAQ-Ruben-D-Image-002-768x330.png 768w, https:\/\/www2.unifr.ch\/dit\/faq\/wp-content\/uploads\/2022\/03\/FAQ-Ruben-D-Image-002-60x26.png 60w, https:\/\/www2.unifr.ch\/dit\/faq\/wp-content\/uploads\/2022\/03\/FAQ-Ruben-D-Image-002-150x65.png 150w, https:\/\/www2.unifr.ch\/dit\/faq\/wp-content\/uploads\/2022\/03\/FAQ-Ruben-D-Image-002.png 1062w\" sizes=\"(max-width: 600px) 100vw, 600px\" \/><\/figure><\/div>\n\n\n\n<h3 class=\"wp-block-heading\">4. \u00c4nderung bei Umzug eines Telefons<\/h3>\n\n\n\n<p>Bei einem Umzug eines Telefons m\u00fcssen Sie das Formular &#8220;Umzug&#8221; ausf\u00fcllen, damit die \u00c4nderung vorgenommen werden kann.<\/p>\n\n\n\n<div class=\"wp-block-image\"><figure class=\"aligncenter\"><img decoding=\"async\" loading=\"lazy\" width=\"600\" height=\"163\" src=\"https:\/\/www2.unifr.ch\/dit\/faq\/wp-content\/uploads\/2022\/03\/FAQ-Ruben-D-Image-003-600x163.png\" alt=\"\" class=\"wp-image-9995\" srcset=\"https:\/\/www2.unifr.ch\/dit\/faq\/wp-content\/uploads\/2022\/03\/FAQ-Ruben-D-Image-003-600x163.png 600w, https:\/\/www2.unifr.ch\/dit\/faq\/wp-content\/uploads\/2022\/03\/FAQ-Ruben-D-Image-003-300x81.png 300w, https:\/\/www2.unifr.ch\/dit\/faq\/wp-content\/uploads\/2022\/03\/FAQ-Ruben-D-Image-003-768x208.png 768w, https:\/\/www2.unifr.ch\/dit\/faq\/wp-content\/uploads\/2022\/03\/FAQ-Ruben-D-Image-003-60x16.png 60w, https:\/\/www2.unifr.ch\/dit\/faq\/wp-content\/uploads\/2022\/03\/FAQ-Ruben-D-Image-003-150x41.png 150w, https:\/\/www2.unifr.ch\/dit\/faq\/wp-content\/uploads\/2022\/03\/FAQ-Ruben-D-Image-003.png 1073w\" sizes=\"(max-width: 600px) 100vw, 600px\" \/><\/figure><\/div>\n\n\n\n<div class=\"wp-block-image\"><figure class=\"aligncenter\"><img decoding=\"async\" loading=\"lazy\" width=\"468\" height=\"473\" src=\"https:\/\/www2.unifr.ch\/dit\/faq\/wp-content\/uploads\/2022\/03\/FAQ-Ruben-D-Image-004.png\" alt=\"\" class=\"wp-image-9997\" srcset=\"https:\/\/www2.unifr.ch\/dit\/faq\/wp-content\/uploads\/2022\/03\/FAQ-Ruben-D-Image-004.png 468w, https:\/\/www2.unifr.ch\/dit\/faq\/wp-content\/uploads\/2022\/03\/FAQ-Ruben-D-Image-004-297x300.png 297w, https:\/\/www2.unifr.ch\/dit\/faq\/wp-content\/uploads\/2022\/03\/FAQ-Ruben-D-Image-004-60x60.png 60w, https:\/\/www2.unifr.ch\/dit\/faq\/wp-content\/uploads\/2022\/03\/FAQ-Ruben-D-Image-004-148x150.png 148w\" sizes=\"(max-width: 468px) 100vw, 468px\" \/><\/figure><\/div>\n\n\n\n<h3 class=\"wp-block-heading\">5. \u00c4nderung der Telefonnummer, der B\u00fcronummer, der Webadresse einer Organisationseinheit<\/h3>\n\n\n\n<p>Wenn Informationen wie Telefonnummer, Website oder B\u00fcro einer Organisationseinheit ge\u00e4ndert werden m\u00fcssen, muss die f\u00fcr die Organisationseinheit verantwortliche Person gebeten werden, die notwendigen \u00c4nderungen vorzunehmen. <\/p>\n\n\n\n<div class=\"wp-block-image\"><figure class=\"aligncenter\"><img decoding=\"async\" loading=\"lazy\" width=\"297\" height=\"243\" src=\"https:\/\/www2.unifr.ch\/dit\/faq\/wp-content\/uploads\/2022\/03\/FAQ-Ruben-D-Image-005.png\" alt=\"\" class=\"wp-image-9999\" srcset=\"https:\/\/www2.unifr.ch\/dit\/faq\/wp-content\/uploads\/2022\/03\/FAQ-Ruben-D-Image-005.png 297w, https:\/\/www2.unifr.ch\/dit\/faq\/wp-content\/uploads\/2022\/03\/FAQ-Ruben-D-Image-005-60x49.png 60w, https:\/\/www2.unifr.ch\/dit\/faq\/wp-content\/uploads\/2022\/03\/FAQ-Ruben-D-Image-005-150x123.png 150w\" sizes=\"(max-width: 297px) 100vw, 297px\" \/><\/figure><\/div>\n\n\n\n<p>[Quelle: DIT-SC]<\/p>\n","protected":false},"excerpt":{"rendered":"<p>Jede\/r Mitarbeitende der UniFR verf\u00fcgt \u00fcber ein pers\u00f6nliches Profil, das sich im Angestelltenverzeichnis der Universit\u00e4t befindet (www.unifr.ch\/directory\/de). Jede\/r Mitarbeitende kann die dort vorhandenen Daten erg\u00e4nzen\/\u00e4ndern und zus\u00e4tzliche Informationen hinzuf\u00fcgen, die optional oder f\u00fcr das \u00fcbrige akademische Personal relevant sind (Anwesenheitszeiten, Publikationsliste usw.). Diese zus\u00e4tzlichen Informationen k\u00f6nnen \u00fcber das Portal MyUnifr ge\u00e4ndert werden, ohne dass andere [&hellip;]<\/p>\n","protected":false},"author":27,"featured_media":0,"comment_status":"closed","ping_status":"closed","sticky":false,"template":"","format":"standard","meta":{"footnotes":""},"categories":[460,700,600],"tags":[346,909,168,160,910,911],"_links":{"self":[{"href":"https:\/\/www2.unifr.ch\/dit\/faq\/wp-json\/wp\/v2\/posts\/9984"}],"collection":[{"href":"https:\/\/www2.unifr.ch\/dit\/faq\/wp-json\/wp\/v2\/posts"}],"about":[{"href":"https:\/\/www2.unifr.ch\/dit\/faq\/wp-json\/wp\/v2\/types\/post"}],"author":[{"embeddable":true,"href":"https:\/\/www2.unifr.ch\/dit\/faq\/wp-json\/wp\/v2\/users\/27"}],"replies":[{"embeddable":true,"href":"https:\/\/www2.unifr.ch\/dit\/faq\/wp-json\/wp\/v2\/comments?post=9984"}],"version-history":[{"count":8,"href":"https:\/\/www2.unifr.ch\/dit\/faq\/wp-json\/wp\/v2\/posts\/9984\/revisions"}],"predecessor-version":[{"id":10007,"href":"https:\/\/www2.unifr.ch\/dit\/faq\/wp-json\/wp\/v2\/posts\/9984\/revisions\/10007"}],"wp:attachment":[{"href":"https:\/\/www2.unifr.ch\/dit\/faq\/wp-json\/wp\/v2\/media?parent=9984"}],"wp:term":[{"taxonomy":"category","embeddable":true,"href":"https:\/\/www2.unifr.ch\/dit\/faq\/wp-json\/wp\/v2\/categories?post=9984"},{"taxonomy":"post_tag","embeddable":true,"href":"https:\/\/www2.unifr.ch\/dit\/faq\/wp-json\/wp\/v2\/tags?post=9984"}],"curies":[{"name":"wp","href":"https:\/\/api.w.org\/{rel}","templated":true}]}}